{"id":4769,"date":"2026-03-09T16:35:08","date_gmt":"2026-03-09T15:35:08","guid":{"rendered":"https:\/\/www.lili.cool\/?p=4769"},"modified":"2026-03-11T14:09:59","modified_gmt":"2026-03-11T13:09:59","slug":"semaine-de-la-presse-activites","status":"publish","type":"post","link":"https:\/\/www.lili.cool\/fr\/semaine-de-la-presse-activites\/","title":{"rendered":"Semaine de la presse : 3 activit\u00e9s pour cultiver l\u2019esprit critique avec Lili"},"content":{"rendered":"\n<p class=\"chapeau\">La semaine de la presse approche et vous \u00eates en manque d\u2019inspiration ? Lili a s\u00e9lectionn\u00e9 pour vous les activit\u00e9s qui favorisent le questionnement, l\u2019analyse et la libert\u00e9 d\u2019expression. Ana\u00efs a choisi de travailler \u00e0 partir <strong>des histoires Je m\u2019inspire<\/strong>, Lisandra a propos\u00e9 <strong>le paysage des id\u00e9es re\u00e7ues<\/strong> et Hanna\u00efs a une pr\u00e9f\u00e9rence pour <strong>les ateliers philo Je grandis<\/strong>. Trois ressources, trois approches pour d\u00e9velopper l\u2019esprit critique dans le cadre de la Semaine de la presse. <strong><em>Et vous, qu\u2019allez-vous choisir ?<\/em><\/strong><\/p>\n\n\n\n<h2 class=\"wp-block-heading\" id=\"questionner\">1. Un atelier philo pour apprendre \u00e0 se questionner<\/h2>\n\n\n\n<p>La philosophie pour enfants est l&rsquo;outil id\u00e9al pour exercer la libert\u00e9 d\u2019expression. En cr\u00e9ant un espace de parole s\u00e9curisant, vous permettez aux enfants de structurer leur pens\u00e9e tout en respectant la pluralit\u00e9 des opinions.&nbsp;<\/p>\n\n\n\n<p>Notre s\u00e9lection <a href=\"https:\/\/www.lili.cool\/fr\/philosophie_pour_enfant\/\" type=\"post\" id=\"1572\" target=\"_blank\" rel=\"noreferrer noopener\">de podcasts <em>Je grandis&nbsp;<\/em><\/a><\/p>\n\n\n\n<ul class=\"wp-block-list\">\n<li>\u00ab \u00c7a va, on rigole ! \u00bb : Pour questionner la limite entre humour et blessure.<\/li>\n\n\n\n<li>\u00ab Fais attention \u00e0 ce que tu dis ! \u00bb : Des sc\u00e9narios pour r\u00e9fl\u00e9chir \u00e0 l&rsquo;impact de nos paroles.<\/li>\n\n\n\n<li>\u00ab Je fais ce que je veux. \u00bb : Pour explorer les notions de r\u00e8gles, de responsabilit\u00e9 et de libert\u00e9.<\/li>\n<\/ul>\n\n\n\n<p><strong><em>L\u2019exp\u00e9rience d\u2019Hanna\u00efs :<\/em><\/strong> \u00ab R\u00e9fl\u00e9chir, s&rsquo;asseoir et se poser des questions sur soi et son comportement, sur soi et les autres, sur soi dans le monde&#8230; \u00c7a s&rsquo;apprend ! C\u2019est tr\u00e8s int\u00e9ressant de les entendre partager leurs impressions et leurs ressentis. \u00bb<\/p>\n\n\n\n<p>Chaque podcast est accompagn\u00e9 d&rsquo;un guide d\u2019animation complet. Vous y trouverez des relances pour guider les \u00e9changes : Peut-on toujours tout dire ? Selon vous, existe-t-il des limites \u00e0 la parole ? Pensez-vous que les esprits \u00e9clair\u00e9s sont plus libres ?<\/p>\n\n\n\n<h2 class=\"wp-block-heading\" id=\"r\u00e9cit\">2. Portraits inspirants : comprendre le r\u00f4le des m\u00e9dias par le r\u00e9cit<\/h2>\n\n\n\n<p>Rien de mieux que des histoires pour incarner des concepts abstraits comme la censure, le biais m\u00e9diatique ou l&rsquo;engagement. <a href=\"https:\/\/www.lili.cool\/fr\/histoires_audio_enfants\/\" type=\"post\" id=\"2874\" target=\"_blank\" rel=\"noreferrer noopener\">Avec nos r\u00e9cits audio <em>Je m\u2019inspire<\/em><\/a>, faites d\u00e9couvrir aux enfants des figures qui ont marqu\u00e9 l&rsquo;histoire de l&rsquo;information :<\/p>\n\n\n\n<ul class=\"wp-block-list\">\n<li>Caroline Criado Perez : elle montre comment certaines informations invisibilisent les femmes et nous apprend \u00e0 rep\u00e9rer les biais dans les donn\u00e9es et les m\u00e9dias.<\/li>\n\n\n\n<li>Greta Thunberg : une parole juste, relay\u00e9e par les m\u00e9dias, peut devenir un moteur de mobilisation mondiale et en m\u00eame temps, une personne mal intentionn\u00e9e peut utiliser les m\u00e9dias pour nuire.<\/li>\n\n\n\n<li>Olympe de Gouges : \u00e9crire, publier, revendiquer\u2026 m\u00eame face \u00e0 la censure, pour d\u00e9fendre l\u2019\u00e9galit\u00e9 et la libert\u00e9 d\u2019opinion.<\/li>\n\n\n\n<li>Nelson Mandela : pour lui, une presse libre est essentielle \u00e0 la d\u00e9mocratie et \u00e0 la justice.<\/li>\n\n\n\n<li>Victor Hugo : utiliser l\u2019\u00e9criture et les m\u00e9dias de son \u00e9poque pour d\u00e9noncer les injustices et \u00e9veiller les consciences.<\/li>\n<\/ul>\n\n\n\n<p><strong><em>L\u2019exp\u00e9rience d\u2019Ana\u00efs<\/em><\/strong> <strong><em>:<\/em><\/strong> Faire d\u00e9couvrir une h\u00e9ro\u00efne chaque semaine. Le lundi et le mardi sont r\u00e9serv\u00e9s \u00e0 la strat\u00e9gie de pr\u00e9-\u00e9coute et \u00e0 l\u2019\u00e9coute. Le jeudi et le vendredi, j\u2019invite les \u00e9l\u00e8ves \u00e0 lire le tapuscrit de l\u2019histoire audio et \u00e0 s\u2019exprimer librement sur le personnage, ce qu\u2019ils pensent de son parcours, ses obstacles, ses forces.<\/p>\n\n\n\n<h2 class=\"wp-block-heading\" id=\"activit\u00e9\">3. Activit\u00e9 p\u00e9dagogique : \u00ab\u00a0Le Paysage des id\u00e9es re\u00e7ues\u00a0\u00bb<\/h2>\n\n\n\n<p>Parce que l&rsquo;\u00e9ducation aux m\u00e9dias passe aussi par la capacit\u00e9 \u00e0 remettre en question ce qui est dit, lu, entendu, nous vous proposons une activit\u00e9 individuelle \u00e0 imprimer pour travailler le sens critique. Ce support visuel permet aux enfants de faire une pause calme tout en se questionnant.<\/p>\n\n\n\n<p>Objectifs p\u00e9dagogiques de l\u2019activit\u00e9 : Apprendre \u00e0 questionner une information commun\u00e9ment admise. Ne pas tomber dans le pi\u00e8ge du \u00ab\u00a0vu sur internet\u00a0\u00bb, \u201ctout le monde le dit\u201d (automatisme de croyance). Apprendre \u00e0 distinguer les faits, les opinions et les pr\u00e9jug\u00e9s.<\/p>\n\n\n\n<p><strong><em>L\u2019exp\u00e9rience de Lisandra :<\/em><\/strong>&nbsp;Une activit\u00e9 ludique partag\u00e9e avec son fils, Hugo 4 ans 1\/2. Vrai ou faux, les points de la coccinelle indiquent son \u00e2ge ?<\/p>\n\n\n\n<figure class=\"wp-block-embed aligncenter is-type-video is-provider-youtube wp-block-embed-youtube wp-embed-aspect-9-16 wp-has-aspect-ratio\"><div class=\"wp-block-embed__wrapper\">\n<iframe loading=\"lazy\" title=\"Imprimer l&#039;activit\u00e9 pour enfant Le paysage des id\u00e9es re\u00e7ues de Lili et cultiver son esprit critique\" width=\"422\" height=\"750\" src=\"https:\/\/www.youtube.com\/embed\/IcEq6sLUuUo?feature=oembed\" frameborder=\"0\" allow=\"accelerometer; autoplay; clipboard-write; encrypted-media; gyroscope; picture-in-picture; web-share\" referrerpolicy=\"strict-origin-when-cross-origin\" allowfullscreen><\/iframe>\n<\/div><\/figure>\n\n\n\n<h2 class=\"wp-block-heading\">Pourquoi choisir Lili pour votre programmation annuelle ?&nbsp;<\/h2>\n\n\n\n<p>Le d\u00e9veloppement des comp\u00e9tences psychosociales (CPS) et de l&rsquo;esprit critique ne s&rsquo;arr\u00eate pas \u00e0 la fin du mois de mars. Les formats Lili sont :<\/p>\n\n\n\n<ul class=\"wp-block-list\">\n<li>variables (10 \u00e0 50 minutes), parfaits pour un rituel de classe ou un temps p\u00e9riscolaire.&nbsp;<\/li>\n\n\n\n<li>pr\u00eats \u00e0 l&#8217;emploi, aucune pr\u00e9paration lourde n&rsquo;est requise.<\/li>\n\n\n\n<li>adapt\u00e9s \u00e0 l\u2019\u00e2ge, du cycle 2 au cycle 4, pour faire grandir les enfants \u00e0 leur rythme.<\/li>\n<\/ul>\n\n\n\n<p class=\"has-white-color has-text-color has-link-color has-small-font-size wp-elements-c2a41d7761059fd78f65417f57aa0a45\"><\/p>\n\n\n\n<div class=\"wp-block-buttons has-white-background-color has-background is-content-justification-center is-layout-flex wp-container-core-buttons-is-layout-16018d1d wp-block-buttons-is-layout-flex\">\n<div class=\"wp-block-button\"><a class=\"wp-block-button__link has-background wp-element-button\" href=\"https:\/\/play.google.com\/store\/apps\/details?id=fr.aotb.lili&amp;hl=fr\" style=\"background-color:#ff855f\" target=\"_blank\" rel=\"noreferrer noopener\">T\u00e9l\u00e9charger l&rsquo;application <strong>Lili.cool<\/strong> et d\u00e9couvrir nos ressources gratuites<\/a><\/div>\n<\/div>\n\n\n\n<p class=\"has-white-color has-text-color has-link-color has-small-font-size wp-elements-c2a41d7761059fd78f65417f57aa0a45\"><\/p>\n\n\n\n<p>Des formats vari\u00e9s, souples et adaptables, pour pr\u00e9parer sereinement la semaine de la presse et faire grandir l\u2019esprit critique des \u00e9l\u00e8ves, toute l\u2019ann\u00e9e.<\/p>\n\n\n\n<p><\/p>\n","protected":false},"excerpt":{"rendered":"<p>Lili a s\u00e9lectionn\u00e9 pour vous les activit\u00e9s qui favorisent le questionnement, l\u2019analyse et la libert\u00e9 d\u2019expression.<\/p>\n","protected":false},"author":5,"featured_media":4772,"comment_status":"closed","ping_status":"closed","sticky":false,"template":"","format":"standard","meta":{"inline_featured_image":false,"footnotes":""},"categories":[1,12],"tags":[187,188],"class_list":["post-4769","post","type-post","status-publish","format-standard","has-post-thumbnail","hentry","category-actualites","category-citoyennete","tag-espritcritique","tag-semainedelapresse"],"acf":[],"yoast_head":"<!-- This site is optimized with the Yoast SEO plugin v27.5 - https:\/\/yoast.com\/product\/yoast-seo-wordpress\/ -->\n<title>Semaine de la presse : 3 activit\u00e9s pour cultiver l\u2019esprit critique<\/title>\n<meta name=\"description\" content=\"Pr\u00e9parez la \u00ab Semaine de la presse \u00bb avec Lili ! D\u00e9couvrez des contenus cl\u00e9s en main, adapt\u00e9s \u00e0 l&#039;\u00e2ge de 3 \u00e0 15 ans et faciles \u00e0 animer.\" \/>\n<meta name=\"robots\" content=\"index, follow, max-snippet:-1, max-image-preview:large, max-video-preview:-1\" \/>\n<link rel=\"canonical\" href=\"https:\/\/www.lili.cool\/fr\/semaine-de-la-presse-activites\/\" \/>\n<meta property=\"og:locale\" content=\"fr_FR\" \/>\n<meta property=\"og:type\" content=\"article\" \/>\n<meta property=\"og:title\" content=\"Semaine de la presse : 3 activit\u00e9s pour cultiver l\u2019esprit critique\" \/>\n<meta property=\"og:description\" content=\"Pr\u00e9parez la \u00ab Semaine de la presse \u00bb avec Lili ! D\u00e9couvrez des contenus cl\u00e9s en main, adapt\u00e9s \u00e0 l&#039;\u00e2ge de 3 \u00e0 15 ans et faciles \u00e0 animer.\" \/>\n<meta property=\"og:url\" content=\"https:\/\/www.lili.cool\/fr\/semaine-de-la-presse-activites\/\" \/>\n<meta property=\"og:site_name\" content=\"LILI, l&#039;appli audio et la formation pour faire grandir la confiance des 3-15 ans \u00e0 l&#039;\u00e9cole, en p\u00e9riscolaire et \u00e0 la maison\" \/>\n<meta property=\"article:publisher\" content=\"https:\/\/www.facebook.com\/lilicoolapp\/\" \/>\n<meta property=\"article:published_time\" content=\"2026-03-09T15:35:08+00:00\" \/>\n<meta property=\"article:modified_time\" content=\"2026-03-11T13:09:59+00:00\" \/>\n<meta property=\"og:image\" content=\"https:\/\/www.lili.cool\/wp-content\/uploads\/Lili_semaine_presse_activites.jpg\" \/>\n\t<meta property=\"og:image:width\" content=\"736\" \/>\n\t<meta property=\"og:image:height\" content=\"500\" \/>\n\t<meta property=\"og:image:type\" content=\"image\/jpeg\" \/>\n<meta name=\"author\" content=\"Emilie\" \/>\n<meta name=\"twitter:card\" content=\"summary_large_image\" \/>\n<meta name=\"twitter:label1\" content=\"\u00c9crit par\" \/>\n\t<meta name=\"twitter:data1\" content=\"Emilie\" \/>\n\t<meta name=\"twitter:label2\" content=\"Dur\u00e9e de lecture estim\u00e9e\" \/>\n\t<meta name=\"twitter:data2\" content=\"4 minutes\" \/>\n<script type=\"application\/ld+json\" class=\"yoast-schema-graph\">{\"@context\":\"https:\\\/\\\/schema.org\",\"@graph\":[{\"@type\":[\"Article\",\"BlogPosting\"],\"@id\":\"https:\\\/\\\/www.lili.cool\\\/fr\\\/semaine-de-la-presse-activites\\\/#article\",\"isPartOf\":{\"@id\":\"https:\\\/\\\/www.lili.cool\\\/fr\\\/semaine-de-la-presse-activites\\\/\"},\"author\":{\"name\":\"Emilie\",\"@id\":\"https:\\\/\\\/www.lili.cool\\\/fr\\\/#\\\/schema\\\/person\\\/24aa712f28c853f3df1f93b460b931ea\"},\"headline\":\"Semaine de la presse : 3 activit\u00e9s pour cultiver l\u2019esprit critique avec Lili\",\"datePublished\":\"2026-03-09T15:35:08+00:00\",\"dateModified\":\"2026-03-11T13:09:59+00:00\",\"mainEntityOfPage\":{\"@id\":\"https:\\\/\\\/www.lili.cool\\\/fr\\\/semaine-de-la-presse-activites\\\/\"},\"wordCount\":794,\"publisher\":{\"@id\":\"https:\\\/\\\/www.lili.cool\\\/fr\\\/#organization\"},\"image\":{\"@id\":\"https:\\\/\\\/www.lili.cool\\\/fr\\\/semaine-de-la-presse-activites\\\/#primaryimage\"},\"thumbnailUrl\":\"https:\\\/\\\/www.lili.cool\\\/wp-content\\\/uploads\\\/Lili_semaine_presse_activites.jpg\",\"keywords\":[\"#espritcritique\",\"#semainedelapresse\"],\"articleSection\":[\"Actualit\u00e9s\",\"Citoyennet\u00e9\"],\"inLanguage\":\"fr-FR\"},{\"@type\":\"WebPage\",\"@id\":\"https:\\\/\\\/www.lili.cool\\\/fr\\\/semaine-de-la-presse-activites\\\/\",\"url\":\"https:\\\/\\\/www.lili.cool\\\/fr\\\/semaine-de-la-presse-activites\\\/\",\"name\":\"Semaine de la presse : 3 activit\u00e9s pour cultiver l\u2019esprit critique\",\"isPartOf\":{\"@id\":\"https:\\\/\\\/www.lili.cool\\\/fr\\\/#website\"},\"primaryImageOfPage\":{\"@id\":\"https:\\\/\\\/www.lili.cool\\\/fr\\\/semaine-de-la-presse-activites\\\/#primaryimage\"},\"image\":{\"@id\":\"https:\\\/\\\/www.lili.cool\\\/fr\\\/semaine-de-la-presse-activites\\\/#primaryimage\"},\"thumbnailUrl\":\"https:\\\/\\\/www.lili.cool\\\/wp-content\\\/uploads\\\/Lili_semaine_presse_activites.jpg\",\"datePublished\":\"2026-03-09T15:35:08+00:00\",\"dateModified\":\"2026-03-11T13:09:59+00:00\",\"description\":\"Pr\u00e9parez la \u00ab Semaine de la presse \u00bb avec Lili ! D\u00e9couvrez des contenus cl\u00e9s en main, adapt\u00e9s \u00e0 l'\u00e2ge de 3 \u00e0 15 ans et faciles \u00e0 animer.\",\"breadcrumb\":{\"@id\":\"https:\\\/\\\/www.lili.cool\\\/fr\\\/semaine-de-la-presse-activites\\\/#breadcrumb\"},\"inLanguage\":\"fr-FR\",\"potentialAction\":[{\"@type\":\"ReadAction\",\"target\":[\"https:\\\/\\\/www.lili.cool\\\/fr\\\/semaine-de-la-presse-activites\\\/\"]}]},{\"@type\":\"ImageObject\",\"inLanguage\":\"fr-FR\",\"@id\":\"https:\\\/\\\/www.lili.cool\\\/fr\\\/semaine-de-la-presse-activites\\\/#primaryimage\",\"url\":\"https:\\\/\\\/www.lili.cool\\\/wp-content\\\/uploads\\\/Lili_semaine_presse_activites.jpg\",\"contentUrl\":\"https:\\\/\\\/www.lili.cool\\\/wp-content\\\/uploads\\\/Lili_semaine_presse_activites.jpg\",\"width\":736,\"height\":500,\"caption\":\"poster de la semaine de la presse qui montre un cerveau hyper connect\u00e9 avec plein d'informations\"},{\"@type\":\"BreadcrumbList\",\"@id\":\"https:\\\/\\\/www.lili.cool\\\/fr\\\/semaine-de-la-presse-activites\\\/#breadcrumb\",\"itemListElement\":[{\"@type\":\"ListItem\",\"position\":1,\"name\":\"Accueil\",\"item\":\"https:\\\/\\\/www.lili.cool\\\/fr\\\/\"},{\"@type\":\"ListItem\",\"position\":2,\"name\":\"Citoyennet\u00e9\",\"item\":\"https:\\\/\\\/www.lili.cool\\\/fr\\\/sujets\\\/citoyennete\\\/\"},{\"@type\":\"ListItem\",\"position\":3,\"name\":\"Semaine de la presse : 3 activit\u00e9s pour cultiver l\u2019esprit critique avec Lili\"}]},{\"@type\":\"WebSite\",\"@id\":\"https:\\\/\\\/www.lili.cool\\\/fr\\\/#website\",\"url\":\"https:\\\/\\\/www.lili.cool\\\/fr\\\/\",\"name\":\"LILI, l&#039;appli audio et la formation pour faire grandir la confiance des 3-15 ans \u00e0 l&#039;\u00e9cole, en p\u00e9riscolaire et \u00e0 la maison\",\"description\":\"Faire grandir la confiance et le vivre-ensemble\",\"publisher\":{\"@id\":\"https:\\\/\\\/www.lili.cool\\\/fr\\\/#organization\"},\"potentialAction\":[{\"@type\":\"SearchAction\",\"target\":{\"@type\":\"EntryPoint\",\"urlTemplate\":\"https:\\\/\\\/www.lili.cool\\\/fr\\\/?s={search_term_string}\"},\"query-input\":{\"@type\":\"PropertyValueSpecification\",\"valueRequired\":true,\"valueName\":\"search_term_string\"}}],\"inLanguage\":\"fr-FR\"},{\"@type\":\"Organization\",\"@id\":\"https:\\\/\\\/www.lili.cool\\\/fr\\\/#organization\",\"name\":\"LILI SAS\",\"url\":\"https:\\\/\\\/www.lili.cool\\\/fr\\\/\",\"logo\":{\"@type\":\"ImageObject\",\"inLanguage\":\"fr-FR\",\"@id\":\"https:\\\/\\\/www.lili.cool\\\/fr\\\/#\\\/schema\\\/logo\\\/image\\\/\",\"url\":\"https:\\\/\\\/www.lili.cool\\\/wp-content\\\/uploads\\\/logo-lili-cool.png\",\"contentUrl\":\"https:\\\/\\\/www.lili.cool\\\/wp-content\\\/uploads\\\/logo-lili-cool.png\",\"width\":320,\"height\":372,\"caption\":\"LILI SAS\"},\"image\":{\"@id\":\"https:\\\/\\\/www.lili.cool\\\/fr\\\/#\\\/schema\\\/logo\\\/image\\\/\"},\"sameAs\":[\"https:\\\/\\\/www.facebook.com\\\/lilicoolapp\\\/\",\"https:\\\/\\\/www.linkedin.com\\\/company\\\/lili-cool-app\\\/\",\"https:\\\/\\\/www.instagram.com\\\/lili.cool.app\\\/\"]},{\"@type\":\"Person\",\"@id\":\"https:\\\/\\\/www.lili.cool\\\/fr\\\/#\\\/schema\\\/person\\\/24aa712f28c853f3df1f93b460b931ea\",\"name\":\"Emilie\",\"image\":{\"@type\":\"ImageObject\",\"inLanguage\":\"fr-FR\",\"@id\":\"https:\\\/\\\/secure.gravatar.com\\\/avatar\\\/cc6c2c58103af58b5baa8040897e559f990b86aeaf51f5aa17a91b699da77d74?s=96&d=mm&r=g\",\"url\":\"https:\\\/\\\/secure.gravatar.com\\\/avatar\\\/cc6c2c58103af58b5baa8040897e559f990b86aeaf51f5aa17a91b699da77d74?s=96&d=mm&r=g\",\"contentUrl\":\"https:\\\/\\\/secure.gravatar.com\\\/avatar\\\/cc6c2c58103af58b5baa8040897e559f990b86aeaf51f5aa17a91b699da77d74?s=96&d=mm&r=g\",\"caption\":\"Emilie\"},\"url\":\"https:\\\/\\\/www.lili.cool\\\/fr\\\/author\\\/emilie_lili\\\/\"}]}<\/script>\n<!-- \/ Yoast SEO plugin. -->","yoast_head_json":{"title":"Semaine de la presse : 3 activit\u00e9s pour cultiver l\u2019esprit critique","description":"Pr\u00e9parez la \u00ab Semaine de la presse \u00bb avec Lili ! D\u00e9couvrez des contenus cl\u00e9s en main, adapt\u00e9s \u00e0 l'\u00e2ge de 3 \u00e0 15 ans et faciles \u00e0 animer.","robots":{"index":"index","follow":"follow","max-snippet":"max-snippet:-1","max-image-preview":"max-image-preview:large","max-video-preview":"max-video-preview:-1"},"canonical":"https:\/\/www.lili.cool\/fr\/semaine-de-la-presse-activites\/","og_locale":"fr_FR","og_type":"article","og_title":"Semaine de la presse : 3 activit\u00e9s pour cultiver l\u2019esprit critique","og_description":"Pr\u00e9parez la \u00ab Semaine de la presse \u00bb avec Lili ! D\u00e9couvrez des contenus cl\u00e9s en main, adapt\u00e9s \u00e0 l'\u00e2ge de 3 \u00e0 15 ans et faciles \u00e0 animer.","og_url":"https:\/\/www.lili.cool\/fr\/semaine-de-la-presse-activites\/","og_site_name":"LILI, l&#039;appli audio et la formation pour faire grandir la confiance des 3-15 ans \u00e0 l&#039;\u00e9cole, en p\u00e9riscolaire et \u00e0 la maison","article_publisher":"https:\/\/www.facebook.com\/lilicoolapp\/","article_published_time":"2026-03-09T15:35:08+00:00","article_modified_time":"2026-03-11T13:09:59+00:00","og_image":[{"width":736,"height":500,"url":"https:\/\/www.lili.cool\/wp-content\/uploads\/Lili_semaine_presse_activites.jpg","type":"image\/jpeg"}],"author":"Emilie","twitter_card":"summary_large_image","twitter_misc":{"\u00c9crit par":"Emilie","Dur\u00e9e de lecture estim\u00e9e":"4 minutes"},"schema":{"@context":"https:\/\/schema.org","@graph":[{"@type":["Article","BlogPosting"],"@id":"https:\/\/www.lili.cool\/fr\/semaine-de-la-presse-activites\/#article","isPartOf":{"@id":"https:\/\/www.lili.cool\/fr\/semaine-de-la-presse-activites\/"},"author":{"name":"Emilie","@id":"https:\/\/www.lili.cool\/fr\/#\/schema\/person\/24aa712f28c853f3df1f93b460b931ea"},"headline":"Semaine de la presse : 3 activit\u00e9s pour cultiver l\u2019esprit critique avec Lili","datePublished":"2026-03-09T15:35:08+00:00","dateModified":"2026-03-11T13:09:59+00:00","mainEntityOfPage":{"@id":"https:\/\/www.lili.cool\/fr\/semaine-de-la-presse-activites\/"},"wordCount":794,"publisher":{"@id":"https:\/\/www.lili.cool\/fr\/#organization"},"image":{"@id":"https:\/\/www.lili.cool\/fr\/semaine-de-la-presse-activites\/#primaryimage"},"thumbnailUrl":"https:\/\/www.lili.cool\/wp-content\/uploads\/Lili_semaine_presse_activites.jpg","keywords":["#espritcritique","#semainedelapresse"],"articleSection":["Actualit\u00e9s","Citoyennet\u00e9"],"inLanguage":"fr-FR"},{"@type":"WebPage","@id":"https:\/\/www.lili.cool\/fr\/semaine-de-la-presse-activites\/","url":"https:\/\/www.lili.cool\/fr\/semaine-de-la-presse-activites\/","name":"Semaine de la presse : 3 activit\u00e9s pour cultiver l\u2019esprit critique","isPartOf":{"@id":"https:\/\/www.lili.cool\/fr\/#website"},"primaryImageOfPage":{"@id":"https:\/\/www.lili.cool\/fr\/semaine-de-la-presse-activites\/#primaryimage"},"image":{"@id":"https:\/\/www.lili.cool\/fr\/semaine-de-la-presse-activites\/#primaryimage"},"thumbnailUrl":"https:\/\/www.lili.cool\/wp-content\/uploads\/Lili_semaine_presse_activites.jpg","datePublished":"2026-03-09T15:35:08+00:00","dateModified":"2026-03-11T13:09:59+00:00","description":"Pr\u00e9parez la \u00ab Semaine de la presse \u00bb avec Lili ! D\u00e9couvrez des contenus cl\u00e9s en main, adapt\u00e9s \u00e0 l'\u00e2ge de 3 \u00e0 15 ans et faciles \u00e0 animer.","breadcrumb":{"@id":"https:\/\/www.lili.cool\/fr\/semaine-de-la-presse-activites\/#breadcrumb"},"inLanguage":"fr-FR","potentialAction":[{"@type":"ReadAction","target":["https:\/\/www.lili.cool\/fr\/semaine-de-la-presse-activites\/"]}]},{"@type":"ImageObject","inLanguage":"fr-FR","@id":"https:\/\/www.lili.cool\/fr\/semaine-de-la-presse-activites\/#primaryimage","url":"https:\/\/www.lili.cool\/wp-content\/uploads\/Lili_semaine_presse_activites.jpg","contentUrl":"https:\/\/www.lili.cool\/wp-content\/uploads\/Lili_semaine_presse_activites.jpg","width":736,"height":500,"caption":"poster de la semaine de la presse qui montre un cerveau hyper connect\u00e9 avec plein d'informations"},{"@type":"BreadcrumbList","@id":"https:\/\/www.lili.cool\/fr\/semaine-de-la-presse-activites\/#breadcrumb","itemListElement":[{"@type":"ListItem","position":1,"name":"Accueil","item":"https:\/\/www.lili.cool\/fr\/"},{"@type":"ListItem","position":2,"name":"Citoyennet\u00e9","item":"https:\/\/www.lili.cool\/fr\/sujets\/citoyennete\/"},{"@type":"ListItem","position":3,"name":"Semaine de la presse : 3 activit\u00e9s pour cultiver l\u2019esprit critique avec Lili"}]},{"@type":"WebSite","@id":"https:\/\/www.lili.cool\/fr\/#website","url":"https:\/\/www.lili.cool\/fr\/","name":"LILI, l&#039;appli audio et la formation pour faire grandir la confiance des 3-15 ans \u00e0 l&#039;\u00e9cole, en p\u00e9riscolaire et \u00e0 la maison","description":"Faire grandir la confiance et le vivre-ensemble","publisher":{"@id":"https:\/\/www.lili.cool\/fr\/#organization"},"potentialAction":[{"@type":"SearchAction","target":{"@type":"EntryPoint","urlTemplate":"https:\/\/www.lili.cool\/fr\/?s={search_term_string}"},"query-input":{"@type":"PropertyValueSpecification","valueRequired":true,"valueName":"search_term_string"}}],"inLanguage":"fr-FR"},{"@type":"Organization","@id":"https:\/\/www.lili.cool\/fr\/#organization","name":"LILI SAS","url":"https:\/\/www.lili.cool\/fr\/","logo":{"@type":"ImageObject","inLanguage":"fr-FR","@id":"https:\/\/www.lili.cool\/fr\/#\/schema\/logo\/image\/","url":"https:\/\/www.lili.cool\/wp-content\/uploads\/logo-lili-cool.png","contentUrl":"https:\/\/www.lili.cool\/wp-content\/uploads\/logo-lili-cool.png","width":320,"height":372,"caption":"LILI SAS"},"image":{"@id":"https:\/\/www.lili.cool\/fr\/#\/schema\/logo\/image\/"},"sameAs":["https:\/\/www.facebook.com\/lilicoolapp\/","https:\/\/www.linkedin.com\/company\/lili-cool-app\/","https:\/\/www.instagram.com\/lili.cool.app\/"]},{"@type":"Person","@id":"https:\/\/www.lili.cool\/fr\/#\/schema\/person\/24aa712f28c853f3df1f93b460b931ea","name":"Emilie","image":{"@type":"ImageObject","inLanguage":"fr-FR","@id":"https:\/\/secure.gravatar.com\/avatar\/cc6c2c58103af58b5baa8040897e559f990b86aeaf51f5aa17a91b699da77d74?s=96&d=mm&r=g","url":"https:\/\/secure.gravatar.com\/avatar\/cc6c2c58103af58b5baa8040897e559f990b86aeaf51f5aa17a91b699da77d74?s=96&d=mm&r=g","contentUrl":"https:\/\/secure.gravatar.com\/avatar\/cc6c2c58103af58b5baa8040897e559f990b86aeaf51f5aa17a91b699da77d74?s=96&d=mm&r=g","caption":"Emilie"},"url":"https:\/\/www.lili.cool\/fr\/author\/emilie_lili\/"}]}},"_links":{"self":[{"href":"https:\/\/www.lili.cool\/fr\/wp-json\/wp\/v2\/posts\/4769","targetHints":{"allow":["GET"]}}],"collection":[{"href":"https:\/\/www.lili.cool\/fr\/wp-json\/wp\/v2\/posts"}],"about":[{"href":"https:\/\/www.lili.cool\/fr\/wp-json\/wp\/v2\/types\/post"}],"author":[{"embeddable":true,"href":"https:\/\/www.lili.cool\/fr\/wp-json\/wp\/v2\/users\/5"}],"replies":[{"embeddable":true,"href":"https:\/\/www.lili.cool\/fr\/wp-json\/wp\/v2\/comments?post=4769"}],"version-history":[{"count":15,"href":"https:\/\/www.lili.cool\/fr\/wp-json\/wp\/v2\/posts\/4769\/revisions"}],"predecessor-version":[{"id":4817,"href":"https:\/\/www.lili.cool\/fr\/wp-json\/wp\/v2\/posts\/4769\/revisions\/4817"}],"wp:featuredmedia":[{"embeddable":true,"href":"https:\/\/www.lili.cool\/fr\/wp-json\/wp\/v2\/media\/4772"}],"wp:attachment":[{"href":"https:\/\/www.lili.cool\/fr\/wp-json\/wp\/v2\/media?parent=4769"}],"wp:term":[{"taxonomy":"category","embeddable":true,"href":"https:\/\/www.lili.cool\/fr\/wp-json\/wp\/v2\/categories?post=4769"},{"taxonomy":"post_tag","embeddable":true,"href":"https:\/\/www.lili.cool\/fr\/wp-json\/wp\/v2\/tags?post=4769"}],"curies":[{"name":"wp","href":"https:\/\/api.w.org\/{rel}","templated":true}]}}