{"id":4383,"date":"2025-12-07T16:41:53","date_gmt":"2025-12-07T15:41:53","guid":{"rendered":"https:\/\/www.lili.cool\/?p=4383"},"modified":"2025-12-09T11:49:09","modified_gmt":"2025-12-09T10:49:09","slug":"la-cite-educative-des-ulis-avec-lili-et-je-suis-bleu","status":"publish","type":"post","link":"https:\/\/www.lili.cool\/fr\/la-cite-educative-des-ulis-avec-lili-et-je-suis-bleu\/","title":{"rendered":"La Cit\u00e9 \u00e9ducative des Ulis c\u00e9l\u00e8bre la la\u00efcit\u00e9 avec Lili et Je suis Bleu"},"content":{"rendered":"\n<p class=\"chapeau has-medium-font-size\">A l&rsquo;occasion de la Journ\u00e9e nationale de la la\u00efcit\u00e9, Lili s\u2019associe \u00e0 Je suis Bleu pour proposer deux rendez-vous philo : le 9 d\u00e9cembre, une soir\u00e9e d\u00e9bat \u201cphilartistique\u201d avec Christian Budex pour les jeunes et les familles, suivie le 10 d\u00e9cembre d\u2019un atelier philo parents-enfants. Deux temps forts o\u00f9 philosophie, art et citoyennet\u00e9 se rencontrent pour interroger ce qui fait identit\u00e9, ce qui fait lien, et ce qui fonde la fraternit\u00e9. Port\u00e9 par l\u2019association AVAG, ce projet est soutenu par la Cit\u00e9 \u00e9ducative des Ulis, la <a href=\"https:\/\/www.lesulis.fr\/\" target=\"_blank\" rel=\"noreferrer noopener\">Ville des Ulis<\/a> et la <a href=\"https:\/\/www.caf.fr\/allocataires\/caf-de-l-essonne\" target=\"_blank\" rel=\"noreferrer noopener\">CAF de l\u2019Essonne<\/a>.<\/p>\n\n\n\n<h2 class=\"wp-block-heading\">Je suis Bleu : l\u2019art pour rassembler, la philo pour se rencontrer<\/h2>\n\n\n\n<p>Je suis Bleu est un mouvement artistique et citoyen initi\u00e9 par l\u2019artiste et animateur social Ali Bellili &#8211; alias Al! -, et une association cofond\u00e9e par Ga\u00eblle Papet, \u00e9galement cofondatrice de Lili. Il veut rassembler les citoyens autour de l\u2019art et de la philo et d\u2019une id\u00e9e simple : nous sommes tous diff\u00e9rents, mais nous partageons la m\u00eame humanit\u00e9 et la m\u00eame plan\u00e8te. Bleu, comme le ciel au-dessus de nos t\u00eates, comme la mer qui relie les continents, comme la couleur de l\u2019\u00e9quipe de France. Une teinte qui unit au-del\u00e0 des couleurs de peau. Je suis Bleu est un terrain d\u2019entente, pour mieux vivre-ensemble. A travers ses dessins, ses photos, ses fresques, ses ateliers et ses actions dans l\u2019espace public, Je suis bleu cr\u00e9e des terrains d\u2019entente o\u00f9 chacun peut r\u00e9fl\u00e9chir, exprimer, d\u00e9battre.<\/p>\n\n\n\n<h2 class=\"wp-block-heading\">Christian Budex : penser la fraternit\u00e9 \u00e0 tout \u00e2ge avec la pratique des d\u00e9bats \u00e0 vis\u00e9e philosophique<\/h2>\n\n\n\n<p>Pour accompagner ce dialogue entre art et philosophie, nous avons la joie d\u2019accueillir Christian Budex, docteur en sciences de l\u2019\u00e9ducation, sp\u00e9cialiste de l\u2019\u201c\u00e9ducation \u00e0 la fraternit\u00e9\u201d. Formateur \u00e0 la <a href=\"https:\/\/chaireunescophiloenfants.univ-nantes.fr\/\" target=\"_blank\" rel=\"noreferrer noopener\">Chaire UNESCO \u00ab Pratiques de la philosophie avec les enfants et les adolescents \u00bb<\/a>, conseiller au <a href=\"https:\/\/caaee.ac-versailles.fr\/\" target=\"_blank\" rel=\"noreferrer noopener\">Centre Acad\u00e9mique d\u2019Aide aux \u00c9coles et aux \u00c9tablissements (CAAEE) de l\u2019Acad\u00e9mie de Versailles<\/a>, il \u0153uvre depuis de nombreuses ann\u00e9es pour faire vivre les pratiques philosophiques dans les classes et les \u00e9tablissements.<\/p>\n\n\n\n<p>La mission de Lili s&rsquo;inscrit pleinement dans son travail : donner des outils simples et accessibles \u00e0 tous pour d\u00e9velopper la pens\u00e9e, l\u2019empathie, l\u2019\u00e9coute, la compr\u00e9hension de soi et des autres.<\/p>\n\n\n\n<h2 class=\"wp-block-heading\">Soir\u00e9e du 9 d\u00e9cembre, un d\u00e9bat philartistique avec Christian Budex et Ali Bellili pour s\u2019interroger sur \u201cMon identit\u00e9 est-elle un obstacle \u00e0 la fraternit\u00e9 ?\u201d<\/h2>\n\n\n\n<div class=\"wp-block-columns is-layout-flex wp-container-core-columns-is-layout-9d6595d7 wp-block-columns-is-layout-flex\">\n<div class=\"wp-block-column is-layout-flow wp-block-column-is-layout-flow\">\n<figure class=\"wp-block-image size-large is-resized\"><img decoding=\"async\" width=\"819\" height=\"1024\" src=\"https:\/\/www.lili.cool\/wp-content\/uploads\/JESUISBLEUxLILI-Soiree-laicite-RS-01-1-2-819x1024.jpg\" alt=\"\" class=\"wp-image-4399\" style=\"aspect-ratio:0.7998075072184793;width:382px;height:auto\" srcset=\"https:\/\/www.lili.cool\/wp-content\/uploads\/JESUISBLEUxLILI-Soiree-laicite-RS-01-1-2-819x1024.jpg 819w, https:\/\/www.lili.cool\/wp-content\/uploads\/JESUISBLEUxLILI-Soiree-laicite-RS-01-1-2-240x300.jpg 240w, https:\/\/www.lili.cool\/wp-content\/uploads\/JESUISBLEUxLILI-Soiree-laicite-RS-01-1-2-768x960.jpg 768w, https:\/\/www.lili.cool\/wp-content\/uploads\/JESUISBLEUxLILI-Soiree-laicite-RS-01-1-2.jpg 1080w\" sizes=\"(max-width: 819px) 100vw, 819px\" \/><figcaption class=\"wp-element-caption\">Au Radazik des Ulis. Entr\u00e9e libre.<\/figcaption><\/figure>\n<\/div>\n\n\n\n<div class=\"wp-block-column is-layout-flow wp-block-column-is-layout-flow\">\n<p>Je suis Bleu, Lili.cool et l&rsquo;association AVAG invitent les jeunes et les familles de la Cit\u00e9 \u00e9ducative des Ulis \u00e0 participer \u00e0 une soir\u00e9e unique m\u00ealant art et philosophie pour se questionner sur l\u2019identit\u00e9, la fraternit\u00e9 et la la\u00efcit\u00e9 autour d\u2019un dialogue in\u00e9dit entre Christian Budex, Ali Bellili, le public et anim\u00e9 par Yvan Iorio.<\/p>\n\n\n\n<p>\ud83d\udce2 <strong>Au programme<\/strong><\/p>\n\n\n\n<ul class=\"wp-block-list\">\n<li><strong>18h30 \u2013 19h30 | Exposition et atelier \u00ab les EAUtres<\/strong> <strong>\u00bb<\/strong> Cr\u00e9ation d\u2019une \u0153uvre collective et symbolique : qu\u2019est-ce qui compose mon identit\u00e9 ? Mes appartenances ? Mes croyances ?<\/li>\n\n\n\n<li><strong>19h30 \u2013 21h00 | D\u00e9bat philartistique \u00ab<\/strong> <strong>Mon identit\u00e9 est-elle un obstacle \u00e0 la fraternit\u00e9 ?<\/strong> <strong>\u00bb <\/strong>Un dialogue dans lequel s\u2019invitent Simone Veil, Zinedine Zidane, Aya Nakamura<\/li>\n\n\n\n<li><strong>21h00 \u2013 21h30 | Cocktail de la fraternit\u00e9<\/strong><\/li>\n<\/ul>\n<\/div>\n<\/div>\n\n\n\n<h2 class=\"wp-block-heading\">Le 10 d\u00e9cembre, un atelier philo parents-enfants \u201cOn est tous pareils ?\u201d au centre social<\/h2>\n\n\n\n<div class=\"wp-block-columns is-layout-flex wp-container-core-columns-is-layout-9d6595d7 wp-block-columns-is-layout-flex\">\n<div class=\"wp-block-column is-layout-flow wp-block-column-is-layout-flow\">\n<figure class=\"wp-block-image size-large is-resized\"><img decoding=\"async\" width=\"819\" height=\"1024\" src=\"https:\/\/www.lili.cool\/wp-content\/uploads\/JESUISBLEUxLILI-Atelier-Philo-10-dec-RS_post-1-819x1024.png\" alt=\"\" class=\"wp-image-4397\" style=\"aspect-ratio:0.7998075072184793;width:376px;height:auto\" srcset=\"https:\/\/www.lili.cool\/wp-content\/uploads\/JESUISBLEUxLILI-Atelier-Philo-10-dec-RS_post-1-819x1024.png 819w, https:\/\/www.lili.cool\/wp-content\/uploads\/JESUISBLEUxLILI-Atelier-Philo-10-dec-RS_post-1-240x300.png 240w, https:\/\/www.lili.cool\/wp-content\/uploads\/JESUISBLEUxLILI-Atelier-Philo-10-dec-RS_post-1-768x960.png 768w, https:\/\/www.lili.cool\/wp-content\/uploads\/JESUISBLEUxLILI-Atelier-Philo-10-dec-RS_post-1.png 1080w\" sizes=\"(max-width: 819px) 100vw, 819px\" \/><figcaption class=\"wp-element-caption\">\u00c0 la Maison pour Tous de Courdimanche <br>Pour les parents-enfants (6\u201312 ans). <br>Sur inscription.<\/figcaption><\/figure>\n<\/div>\n\n\n\n<div class=\"wp-block-column is-layout-flow wp-block-column-is-layout-flow\">\n<p>Le lendemain, nous prolongeons la r\u00e9flexion autour d\u2019un atelier sur le th\u00e8me \u201cOn est tous pareils ?\u201d avec les parents et les enfants anim\u00e9 par G\u00e9raldine de Lili \u00e0 la Maison pour Tous de Courdimanche.<\/p>\n\n\n\n<p>Un atelier pour d\u00e9couvrir ce qui nous rend uniques, ce que nous partageons tous, comment nos diff\u00e9rences deviennent des forces pour mieux vivre ensemble.<\/p>\n\n\n\n<p>L\u2019atelier permettra aussi aux parents de d\u00e9couvrir comment <strong>Lili, l\u2019application audio \u201csans \u00e9cran\u201d<\/strong>, accompagne les enfants pour mieux comprendre et r\u00e9guler leurs \u00e9motions, trouver le sommeil loin des \u00e9crans ou encore d\u00e9velopper la confiance en soi. <br>\ud83c\udf81 <strong>Un an d\u2019acc\u00e8s \u00e0 Lili<\/strong> <strong>offert <\/strong>pour chaque famille participante.<\/p>\n<\/div>\n<\/div>\n\n\n\n<h2 class=\"wp-block-heading\">Un m\u00eame objectif : penser la fraternit\u00e9 pour mieux la vivre ensemble<\/h2>\n\n\n\n<p>\u00c0 travers ces deux \u00e9v\u00e9nements, Lili et Je suis Bleu affirment une m\u00eame conviction : la fraternit\u00e9 est un apprentissage, qui se construit par la parole, l\u2019\u00e9coute, la cr\u00e9ativit\u00e9 et la rencontre.<\/p>\n\n\n\n<p>Les pratiques philosophiques offrent aux enfants, aux jeunes et aux adultes un espace pour mieux comprendre ce qui nous unit.<\/p>\n","protected":false},"excerpt":{"rendered":"<p>Lili.cool et Je suis Bleu : philo, art et citoyennet\u00e9 \u00e0 la Cit\u00e9 \u00c9ducative des Ulis \u00e0 travers deux rendez-vous pour les enfants, les jeunes et les familles.<\/p>\n","protected":false},"author":3,"featured_media":4412,"comment_status":"closed","ping_status":"closed","sticky":false,"template":"","format":"standard","meta":{"inline_featured_image":false,"footnotes":""},"categories":[1,12],"tags":[179,180,147],"class_list":["post-4383","post","type-post","status-publish","format-standard","has-post-thumbnail","hentry","category-actualites","category-citoyennete","tag-citeeducative","tag-evenement","tag-philosophiepourenfants"],"acf":[],"yoast_head":"<!-- This site is optimized with the Yoast SEO plugin v27.5 - https:\/\/yoast.com\/product\/yoast-seo-wordpress\/ -->\n<title>La Cit\u00e9 \u00e9ducative des Ulis c\u00e9l\u00e8bre la la\u00efcit\u00e9 avec Lili et Je suis Bleu<\/title>\n<meta name=\"description\" content=\"Lili.cool s\u2019associe \u00e0 Je suis Bleu le temps d\u2019une soir\u00e9e d\u00e9bat philartistique et d\u2019un atelier parents-enfants dans la Cit\u00e9 \u00e9ducative des Ulis.\" \/>\n<meta name=\"robots\" content=\"index, follow, max-snippet:-1, max-image-preview:large, max-video-preview:-1\" \/>\n<link rel=\"canonical\" href=\"https:\/\/www.lili.cool\/fr\/la-cite-educative-des-ulis-avec-lili-et-je-suis-bleu\/\" \/>\n<meta property=\"og:locale\" content=\"fr_FR\" \/>\n<meta property=\"og:type\" content=\"article\" \/>\n<meta property=\"og:title\" content=\"La Cit\u00e9 \u00e9ducative des Ulis c\u00e9l\u00e8bre la la\u00efcit\u00e9 avec Lili et Je suis Bleu\" \/>\n<meta property=\"og:description\" content=\"Lili.cool s\u2019associe \u00e0 Je suis Bleu le temps d\u2019une soir\u00e9e d\u00e9bat philartistique et d\u2019un atelier parents-enfants dans la Cit\u00e9 \u00e9ducative des Ulis.\" \/>\n<meta property=\"og:url\" content=\"https:\/\/www.lili.cool\/fr\/la-cite-educative-des-ulis-avec-lili-et-je-suis-bleu\/\" \/>\n<meta property=\"og:site_name\" content=\"LILI, l&#039;appli audio et la formation pour faire grandir la confiance des 3-15 ans \u00e0 l&#039;\u00e9cole, en p\u00e9riscolaire et \u00e0 la maison\" \/>\n<meta property=\"article:publisher\" content=\"https:\/\/www.facebook.com\/lilicoolapp\/\" \/>\n<meta property=\"article:published_time\" content=\"2025-12-07T15:41:53+00:00\" \/>\n<meta property=\"article:modified_time\" content=\"2025-12-09T10:49:09+00:00\" \/>\n<meta property=\"og:image\" content=\"https:\/\/www.lili.cool\/wp-content\/uploads\/JESUISBLEU-laicite.jpg\" \/>\n\t<meta property=\"og:image:width\" content=\"736\" \/>\n\t<meta property=\"og:image:height\" content=\"500\" \/>\n\t<meta property=\"og:image:type\" content=\"image\/jpeg\" \/>\n<meta name=\"author\" content=\"Ga\u00eblle\" \/>\n<meta name=\"twitter:card\" content=\"summary_large_image\" \/>\n<meta name=\"twitter:label1\" content=\"\u00c9crit par\" \/>\n\t<meta name=\"twitter:data1\" content=\"Ga\u00eblle\" \/>\n\t<meta name=\"twitter:label2\" content=\"Dur\u00e9e de lecture estim\u00e9e\" \/>\n\t<meta name=\"twitter:data2\" content=\"5 minutes\" \/>\n<script type=\"application\/ld+json\" class=\"yoast-schema-graph\">{\"@context\":\"https:\\\/\\\/schema.org\",\"@graph\":[{\"@type\":[\"Article\",\"BlogPosting\"],\"@id\":\"https:\\\/\\\/www.lili.cool\\\/fr\\\/la-cite-educative-des-ulis-avec-lili-et-je-suis-bleu\\\/#article\",\"isPartOf\":{\"@id\":\"https:\\\/\\\/www.lili.cool\\\/fr\\\/la-cite-educative-des-ulis-avec-lili-et-je-suis-bleu\\\/\"},\"author\":{\"name\":\"Ga\u00eblle\",\"@id\":\"https:\\\/\\\/www.lili.cool\\\/fr\\\/#\\\/schema\\\/person\\\/1bdefa74622aa7268ef143efa93bb562\"},\"headline\":\"La Cit\u00e9 \u00e9ducative des Ulis c\u00e9l\u00e8bre la la\u00efcit\u00e9 avec Lili et Je suis Bleu\",\"datePublished\":\"2025-12-07T15:41:53+00:00\",\"dateModified\":\"2025-12-09T10:49:09+00:00\",\"mainEntityOfPage\":{\"@id\":\"https:\\\/\\\/www.lili.cool\\\/fr\\\/la-cite-educative-des-ulis-avec-lili-et-je-suis-bleu\\\/\"},\"wordCount\":771,\"publisher\":{\"@id\":\"https:\\\/\\\/www.lili.cool\\\/fr\\\/#organization\"},\"image\":{\"@id\":\"https:\\\/\\\/www.lili.cool\\\/fr\\\/la-cite-educative-des-ulis-avec-lili-et-je-suis-bleu\\\/#primaryimage\"},\"thumbnailUrl\":\"https:\\\/\\\/www.lili.cool\\\/wp-content\\\/uploads\\\/JESUISBLEU-laicite.jpg\",\"keywords\":[\"#cit\u00e9\u00e9ducative\",\"#\u00e9v\u00e9nement\",\"#philosophiepourenfants\"],\"articleSection\":[\"Actualit\u00e9s\",\"Citoyennet\u00e9\"],\"inLanguage\":\"fr-FR\"},{\"@type\":\"WebPage\",\"@id\":\"https:\\\/\\\/www.lili.cool\\\/fr\\\/la-cite-educative-des-ulis-avec-lili-et-je-suis-bleu\\\/\",\"url\":\"https:\\\/\\\/www.lili.cool\\\/fr\\\/la-cite-educative-des-ulis-avec-lili-et-je-suis-bleu\\\/\",\"name\":\"La Cit\u00e9 \u00e9ducative des Ulis c\u00e9l\u00e8bre la la\u00efcit\u00e9 avec Lili et Je suis Bleu\",\"isPartOf\":{\"@id\":\"https:\\\/\\\/www.lili.cool\\\/fr\\\/#website\"},\"primaryImageOfPage\":{\"@id\":\"https:\\\/\\\/www.lili.cool\\\/fr\\\/la-cite-educative-des-ulis-avec-lili-et-je-suis-bleu\\\/#primaryimage\"},\"image\":{\"@id\":\"https:\\\/\\\/www.lili.cool\\\/fr\\\/la-cite-educative-des-ulis-avec-lili-et-je-suis-bleu\\\/#primaryimage\"},\"thumbnailUrl\":\"https:\\\/\\\/www.lili.cool\\\/wp-content\\\/uploads\\\/JESUISBLEU-laicite.jpg\",\"datePublished\":\"2025-12-07T15:41:53+00:00\",\"dateModified\":\"2025-12-09T10:49:09+00:00\",\"description\":\"Lili.cool s\u2019associe \u00e0 Je suis Bleu le temps d\u2019une soir\u00e9e d\u00e9bat philartistique et d\u2019un atelier parents-enfants dans la Cit\u00e9 \u00e9ducative des Ulis.\",\"breadcrumb\":{\"@id\":\"https:\\\/\\\/www.lili.cool\\\/fr\\\/la-cite-educative-des-ulis-avec-lili-et-je-suis-bleu\\\/#breadcrumb\"},\"inLanguage\":\"fr-FR\",\"potentialAction\":[{\"@type\":\"ReadAction\",\"target\":[\"https:\\\/\\\/www.lili.cool\\\/fr\\\/la-cite-educative-des-ulis-avec-lili-et-je-suis-bleu\\\/\"]}]},{\"@type\":\"ImageObject\",\"inLanguage\":\"fr-FR\",\"@id\":\"https:\\\/\\\/www.lili.cool\\\/fr\\\/la-cite-educative-des-ulis-avec-lili-et-je-suis-bleu\\\/#primaryimage\",\"url\":\"https:\\\/\\\/www.lili.cool\\\/wp-content\\\/uploads\\\/JESUISBLEU-laicite.jpg\",\"contentUrl\":\"https:\\\/\\\/www.lili.cool\\\/wp-content\\\/uploads\\\/JESUISBLEU-laicite.jpg\",\"width\":736,\"height\":500,\"caption\":\"une illustration de Marianne et un visuel des chats Lili pour illustrer les 2 \u00e9v\u00e9nements de la journ\u00e9e de la la\u00efcit\u00e9\"},{\"@type\":\"BreadcrumbList\",\"@id\":\"https:\\\/\\\/www.lili.cool\\\/fr\\\/la-cite-educative-des-ulis-avec-lili-et-je-suis-bleu\\\/#breadcrumb\",\"itemListElement\":[{\"@type\":\"ListItem\",\"position\":1,\"name\":\"Accueil\",\"item\":\"https:\\\/\\\/www.lili.cool\\\/fr\\\/\"},{\"@type\":\"ListItem\",\"position\":2,\"name\":\"Actualit\u00e9s\",\"item\":\"https:\\\/\\\/www.lili.cool\\\/fr\\\/sujets\\\/actualites\\\/\"},{\"@type\":\"ListItem\",\"position\":3,\"name\":\"La Cit\u00e9 \u00e9ducative des Ulis c\u00e9l\u00e8bre la la\u00efcit\u00e9 avec Lili et Je suis Bleu\"}]},{\"@type\":\"WebSite\",\"@id\":\"https:\\\/\\\/www.lili.cool\\\/fr\\\/#website\",\"url\":\"https:\\\/\\\/www.lili.cool\\\/fr\\\/\",\"name\":\"LILI, l&#039;appli audio et la formation pour faire grandir la confiance des 3-15 ans \u00e0 l&#039;\u00e9cole, en p\u00e9riscolaire et \u00e0 la maison\",\"description\":\"Faire grandir la confiance et le vivre-ensemble\",\"publisher\":{\"@id\":\"https:\\\/\\\/www.lili.cool\\\/fr\\\/#organization\"},\"potentialAction\":[{\"@type\":\"SearchAction\",\"target\":{\"@type\":\"EntryPoint\",\"urlTemplate\":\"https:\\\/\\\/www.lili.cool\\\/fr\\\/?s={search_term_string}\"},\"query-input\":{\"@type\":\"PropertyValueSpecification\",\"valueRequired\":true,\"valueName\":\"search_term_string\"}}],\"inLanguage\":\"fr-FR\"},{\"@type\":\"Organization\",\"@id\":\"https:\\\/\\\/www.lili.cool\\\/fr\\\/#organization\",\"name\":\"LILI SAS\",\"url\":\"https:\\\/\\\/www.lili.cool\\\/fr\\\/\",\"logo\":{\"@type\":\"ImageObject\",\"inLanguage\":\"fr-FR\",\"@id\":\"https:\\\/\\\/www.lili.cool\\\/fr\\\/#\\\/schema\\\/logo\\\/image\\\/\",\"url\":\"https:\\\/\\\/www.lili.cool\\\/wp-content\\\/uploads\\\/logo-lili-cool.png\",\"contentUrl\":\"https:\\\/\\\/www.lili.cool\\\/wp-content\\\/uploads\\\/logo-lili-cool.png\",\"width\":320,\"height\":372,\"caption\":\"LILI SAS\"},\"image\":{\"@id\":\"https:\\\/\\\/www.lili.cool\\\/fr\\\/#\\\/schema\\\/logo\\\/image\\\/\"},\"sameAs\":[\"https:\\\/\\\/www.facebook.com\\\/lilicoolapp\\\/\",\"https:\\\/\\\/www.linkedin.com\\\/company\\\/lili-cool-app\\\/\",\"https:\\\/\\\/www.instagram.com\\\/lili.cool.app\\\/\"]},{\"@type\":\"Person\",\"@id\":\"https:\\\/\\\/www.lili.cool\\\/fr\\\/#\\\/schema\\\/person\\\/1bdefa74622aa7268ef143efa93bb562\",\"name\":\"Ga\u00eblle\",\"image\":{\"@type\":\"ImageObject\",\"inLanguage\":\"fr-FR\",\"@id\":\"https:\\\/\\\/secure.gravatar.com\\\/avatar\\\/682ea06f3d1e8280cb4a4f70992564cec871298d814b2f644da5efd2dec6666a?s=96&d=mm&r=g\",\"url\":\"https:\\\/\\\/secure.gravatar.com\\\/avatar\\\/682ea06f3d1e8280cb4a4f70992564cec871298d814b2f644da5efd2dec6666a?s=96&d=mm&r=g\",\"contentUrl\":\"https:\\\/\\\/secure.gravatar.com\\\/avatar\\\/682ea06f3d1e8280cb4a4f70992564cec871298d814b2f644da5efd2dec6666a?s=96&d=mm&r=g\",\"caption\":\"Ga\u00eblle\"},\"description\":\"Innovation, contenus et \u00e9motions sont les fils conducteurs du parcours en marketing digital de Ga\u00eblle depuis plus de 20 ans au sein de start-ups Internet et mobile (Lycos Europe, Navx), d\u2019agences de communication, de groupes m\u00e9dia (TF1 vid\u00e9o, e-Presse) ou d\u2019institution publique (Atout France USA), en France et \u00e0 l\u2019international. Convaincue des b\u00e9n\u00e9fices de la p\u00e9dagogie Montessori pour l\u2019avoir exp\u00e9riment\u00e9e avec ses 2 enfants, Ga\u00eblle s\u2019engage avec Lili en mettant ses diverses expertises marketing au service d\u2019un projet riche de sens : \u0153uvrer au bien-\u00eatre des enfants.\",\"url\":\"https:\\\/\\\/www.lili.cool\\\/fr\\\/author\\\/admin-gaelle\\\/\"}]}<\/script>\n<!-- \/ Yoast SEO plugin. -->","yoast_head_json":{"title":"La Cit\u00e9 \u00e9ducative des Ulis c\u00e9l\u00e8bre la la\u00efcit\u00e9 avec Lili et Je suis Bleu","description":"Lili.cool s\u2019associe \u00e0 Je suis Bleu le temps d\u2019une soir\u00e9e d\u00e9bat philartistique et d\u2019un atelier parents-enfants dans la Cit\u00e9 \u00e9ducative des Ulis.","robots":{"index":"index","follow":"follow","max-snippet":"max-snippet:-1","max-image-preview":"max-image-preview:large","max-video-preview":"max-video-preview:-1"},"canonical":"https:\/\/www.lili.cool\/fr\/la-cite-educative-des-ulis-avec-lili-et-je-suis-bleu\/","og_locale":"fr_FR","og_type":"article","og_title":"La Cit\u00e9 \u00e9ducative des Ulis c\u00e9l\u00e8bre la la\u00efcit\u00e9 avec Lili et Je suis Bleu","og_description":"Lili.cool s\u2019associe \u00e0 Je suis Bleu le temps d\u2019une soir\u00e9e d\u00e9bat philartistique et d\u2019un atelier parents-enfants dans la Cit\u00e9 \u00e9ducative des Ulis.","og_url":"https:\/\/www.lili.cool\/fr\/la-cite-educative-des-ulis-avec-lili-et-je-suis-bleu\/","og_site_name":"LILI, l&#039;appli audio et la formation pour faire grandir la confiance des 3-15 ans \u00e0 l&#039;\u00e9cole, en p\u00e9riscolaire et \u00e0 la maison","article_publisher":"https:\/\/www.facebook.com\/lilicoolapp\/","article_published_time":"2025-12-07T15:41:53+00:00","article_modified_time":"2025-12-09T10:49:09+00:00","og_image":[{"width":736,"height":500,"url":"https:\/\/www.lili.cool\/wp-content\/uploads\/JESUISBLEU-laicite.jpg","type":"image\/jpeg"}],"author":"Ga\u00eblle","twitter_card":"summary_large_image","twitter_misc":{"\u00c9crit par":"Ga\u00eblle","Dur\u00e9e de lecture estim\u00e9e":"5 minutes"},"schema":{"@context":"https:\/\/schema.org","@graph":[{"@type":["Article","BlogPosting"],"@id":"https:\/\/www.lili.cool\/fr\/la-cite-educative-des-ulis-avec-lili-et-je-suis-bleu\/#article","isPartOf":{"@id":"https:\/\/www.lili.cool\/fr\/la-cite-educative-des-ulis-avec-lili-et-je-suis-bleu\/"},"author":{"name":"Ga\u00eblle","@id":"https:\/\/www.lili.cool\/fr\/#\/schema\/person\/1bdefa74622aa7268ef143efa93bb562"},"headline":"La Cit\u00e9 \u00e9ducative des Ulis c\u00e9l\u00e8bre la la\u00efcit\u00e9 avec Lili et Je suis Bleu","datePublished":"2025-12-07T15:41:53+00:00","dateModified":"2025-12-09T10:49:09+00:00","mainEntityOfPage":{"@id":"https:\/\/www.lili.cool\/fr\/la-cite-educative-des-ulis-avec-lili-et-je-suis-bleu\/"},"wordCount":771,"publisher":{"@id":"https:\/\/www.lili.cool\/fr\/#organization"},"image":{"@id":"https:\/\/www.lili.cool\/fr\/la-cite-educative-des-ulis-avec-lili-et-je-suis-bleu\/#primaryimage"},"thumbnailUrl":"https:\/\/www.lili.cool\/wp-content\/uploads\/JESUISBLEU-laicite.jpg","keywords":["#cit\u00e9\u00e9ducative","#\u00e9v\u00e9nement","#philosophiepourenfants"],"articleSection":["Actualit\u00e9s","Citoyennet\u00e9"],"inLanguage":"fr-FR"},{"@type":"WebPage","@id":"https:\/\/www.lili.cool\/fr\/la-cite-educative-des-ulis-avec-lili-et-je-suis-bleu\/","url":"https:\/\/www.lili.cool\/fr\/la-cite-educative-des-ulis-avec-lili-et-je-suis-bleu\/","name":"La Cit\u00e9 \u00e9ducative des Ulis c\u00e9l\u00e8bre la la\u00efcit\u00e9 avec Lili et Je suis Bleu","isPartOf":{"@id":"https:\/\/www.lili.cool\/fr\/#website"},"primaryImageOfPage":{"@id":"https:\/\/www.lili.cool\/fr\/la-cite-educative-des-ulis-avec-lili-et-je-suis-bleu\/#primaryimage"},"image":{"@id":"https:\/\/www.lili.cool\/fr\/la-cite-educative-des-ulis-avec-lili-et-je-suis-bleu\/#primaryimage"},"thumbnailUrl":"https:\/\/www.lili.cool\/wp-content\/uploads\/JESUISBLEU-laicite.jpg","datePublished":"2025-12-07T15:41:53+00:00","dateModified":"2025-12-09T10:49:09+00:00","description":"Lili.cool s\u2019associe \u00e0 Je suis Bleu le temps d\u2019une soir\u00e9e d\u00e9bat philartistique et d\u2019un atelier parents-enfants dans la Cit\u00e9 \u00e9ducative des Ulis.","breadcrumb":{"@id":"https:\/\/www.lili.cool\/fr\/la-cite-educative-des-ulis-avec-lili-et-je-suis-bleu\/#breadcrumb"},"inLanguage":"fr-FR","potentialAction":[{"@type":"ReadAction","target":["https:\/\/www.lili.cool\/fr\/la-cite-educative-des-ulis-avec-lili-et-je-suis-bleu\/"]}]},{"@type":"ImageObject","inLanguage":"fr-FR","@id":"https:\/\/www.lili.cool\/fr\/la-cite-educative-des-ulis-avec-lili-et-je-suis-bleu\/#primaryimage","url":"https:\/\/www.lili.cool\/wp-content\/uploads\/JESUISBLEU-laicite.jpg","contentUrl":"https:\/\/www.lili.cool\/wp-content\/uploads\/JESUISBLEU-laicite.jpg","width":736,"height":500,"caption":"une illustration de Marianne et un visuel des chats Lili pour illustrer les 2 \u00e9v\u00e9nements de la journ\u00e9e de la la\u00efcit\u00e9"},{"@type":"BreadcrumbList","@id":"https:\/\/www.lili.cool\/fr\/la-cite-educative-des-ulis-avec-lili-et-je-suis-bleu\/#breadcrumb","itemListElement":[{"@type":"ListItem","position":1,"name":"Accueil","item":"https:\/\/www.lili.cool\/fr\/"},{"@type":"ListItem","position":2,"name":"Actualit\u00e9s","item":"https:\/\/www.lili.cool\/fr\/sujets\/actualites\/"},{"@type":"ListItem","position":3,"name":"La Cit\u00e9 \u00e9ducative des Ulis c\u00e9l\u00e8bre la la\u00efcit\u00e9 avec Lili et Je suis Bleu"}]},{"@type":"WebSite","@id":"https:\/\/www.lili.cool\/fr\/#website","url":"https:\/\/www.lili.cool\/fr\/","name":"LILI, l&#039;appli audio et la formation pour faire grandir la confiance des 3-15 ans \u00e0 l&#039;\u00e9cole, en p\u00e9riscolaire et \u00e0 la maison","description":"Faire grandir la confiance et le vivre-ensemble","publisher":{"@id":"https:\/\/www.lili.cool\/fr\/#organization"},"potentialAction":[{"@type":"SearchAction","target":{"@type":"EntryPoint","urlTemplate":"https:\/\/www.lili.cool\/fr\/?s={search_term_string}"},"query-input":{"@type":"PropertyValueSpecification","valueRequired":true,"valueName":"search_term_string"}}],"inLanguage":"fr-FR"},{"@type":"Organization","@id":"https:\/\/www.lili.cool\/fr\/#organization","name":"LILI SAS","url":"https:\/\/www.lili.cool\/fr\/","logo":{"@type":"ImageObject","inLanguage":"fr-FR","@id":"https:\/\/www.lili.cool\/fr\/#\/schema\/logo\/image\/","url":"https:\/\/www.lili.cool\/wp-content\/uploads\/logo-lili-cool.png","contentUrl":"https:\/\/www.lili.cool\/wp-content\/uploads\/logo-lili-cool.png","width":320,"height":372,"caption":"LILI SAS"},"image":{"@id":"https:\/\/www.lili.cool\/fr\/#\/schema\/logo\/image\/"},"sameAs":["https:\/\/www.facebook.com\/lilicoolapp\/","https:\/\/www.linkedin.com\/company\/lili-cool-app\/","https:\/\/www.instagram.com\/lili.cool.app\/"]},{"@type":"Person","@id":"https:\/\/www.lili.cool\/fr\/#\/schema\/person\/1bdefa74622aa7268ef143efa93bb562","name":"Ga\u00eblle","image":{"@type":"ImageObject","inLanguage":"fr-FR","@id":"https:\/\/secure.gravatar.com\/avatar\/682ea06f3d1e8280cb4a4f70992564cec871298d814b2f644da5efd2dec6666a?s=96&d=mm&r=g","url":"https:\/\/secure.gravatar.com\/avatar\/682ea06f3d1e8280cb4a4f70992564cec871298d814b2f644da5efd2dec6666a?s=96&d=mm&r=g","contentUrl":"https:\/\/secure.gravatar.com\/avatar\/682ea06f3d1e8280cb4a4f70992564cec871298d814b2f644da5efd2dec6666a?s=96&d=mm&r=g","caption":"Ga\u00eblle"},"description":"Innovation, contenus et \u00e9motions sont les fils conducteurs du parcours en marketing digital de Ga\u00eblle depuis plus de 20 ans au sein de start-ups Internet et mobile (Lycos Europe, Navx), d\u2019agences de communication, de groupes m\u00e9dia (TF1 vid\u00e9o, e-Presse) ou d\u2019institution publique (Atout France USA), en France et \u00e0 l\u2019international. Convaincue des b\u00e9n\u00e9fices de la p\u00e9dagogie Montessori pour l\u2019avoir exp\u00e9riment\u00e9e avec ses 2 enfants, Ga\u00eblle s\u2019engage avec Lili en mettant ses diverses expertises marketing au service d\u2019un projet riche de sens : \u0153uvrer au bien-\u00eatre des enfants.","url":"https:\/\/www.lili.cool\/fr\/author\/admin-gaelle\/"}]}},"_links":{"self":[{"href":"https:\/\/www.lili.cool\/fr\/wp-json\/wp\/v2\/posts\/4383","targetHints":{"allow":["GET"]}}],"collection":[{"href":"https:\/\/www.lili.cool\/fr\/wp-json\/wp\/v2\/posts"}],"about":[{"href":"https:\/\/www.lili.cool\/fr\/wp-json\/wp\/v2\/types\/post"}],"author":[{"embeddable":true,"href":"https:\/\/www.lili.cool\/fr\/wp-json\/wp\/v2\/users\/3"}],"replies":[{"embeddable":true,"href":"https:\/\/www.lili.cool\/fr\/wp-json\/wp\/v2\/comments?post=4383"}],"version-history":[{"count":27,"href":"https:\/\/www.lili.cool\/fr\/wp-json\/wp\/v2\/posts\/4383\/revisions"}],"predecessor-version":[{"id":4565,"href":"https:\/\/www.lili.cool\/fr\/wp-json\/wp\/v2\/posts\/4383\/revisions\/4565"}],"wp:featuredmedia":[{"embeddable":true,"href":"https:\/\/www.lili.cool\/fr\/wp-json\/wp\/v2\/media\/4412"}],"wp:attachment":[{"href":"https:\/\/www.lili.cool\/fr\/wp-json\/wp\/v2\/media?parent=4383"}],"wp:term":[{"taxonomy":"category","embeddable":true,"href":"https:\/\/www.lili.cool\/fr\/wp-json\/wp\/v2\/categories?post=4383"},{"taxonomy":"post_tag","embeddable":true,"href":"https:\/\/www.lili.cool\/fr\/wp-json\/wp\/v2\/tags?post=4383"}],"curies":[{"name":"wp","href":"https:\/\/api.w.org\/{rel}","templated":true}]}}