{"id":2735,"date":"2024-04-09T15:33:26","date_gmt":"2024-04-09T13:33:26","guid":{"rendered":"https:\/\/www.lili.cool\/?p=2735"},"modified":"2024-09-17T12:45:11","modified_gmt":"2024-09-17T10:45:11","slug":"projet-nefle-ateliers-philo-pour-favoriser-le-vivre-ensemble","status":"publish","type":"post","link":"https:\/\/www.lili.cool\/fr\/projet-nefle-ateliers-philo-pour-favoriser-le-vivre-ensemble\/","title":{"rendered":"Projet NEFLE : Ateliers philo pour favoriser le vivre-ensemble"},"content":{"rendered":"\n<p class=\"chapeau\">Vous souhaitez permettre \u00e0 tous les \u00e9l\u00e8ves de s&rsquo;\u00e9panouir individuellement et de mieux&nbsp;vivre-ensemble. Vous cherchez des outils efficaces et simples \u00e0 mettre en \u0153uvre quel que soit le niveau classe. Rien de mieux que la force du collectif pour relever les d\u00e9fis et soutenir votre plan d\u2019action dans le cadre du projet CNR Notre \u00e9cole, faisons-la ensemble. <strong>Lili vous accompagne et vous guide dans l\u2019\u00e9criture de votre projet NEFLE Vivre-ensemble et dans la concr\u00e9tisation des ateliers philo pour enfants. D\u00e9couvrons ensemble comment outiller vos \u00e9l\u00e8ves pour qu\u2019ils fassent preuve d\u2019autonomie, de libert\u00e9 de pens\u00e9e et d\u2019expression, au sein d\u2019un collectif ?<\/strong><\/p>\n\n\n<div class=\"wp-block-image\">\n<figure class=\"aligncenter size-full\"><img decoding=\"async\" width=\"362\" height=\"477\" src=\"https:\/\/www.lili.cool\/wp-content\/uploads\/Lili_NEFLE_ateliers_philo_et_vivre_ensemble_miniature.png\" alt=\"dossier NEFLE CNR sur la philo et le vivre-ensemble propos\u00e9 par Lili\" class=\"wp-image-2660\" srcset=\"https:\/\/www.lili.cool\/wp-content\/uploads\/Lili_NEFLE_ateliers_philo_et_vivre_ensemble_miniature.png 362w, https:\/\/www.lili.cool\/wp-content\/uploads\/Lili_NEFLE_ateliers_philo_et_vivre_ensemble_miniature-228x300.png 228w\" sizes=\"(max-width: 362px) 100vw, 362px\" \/><figcaption class=\"wp-element-caption\">Ateliers philo et vivre-ensemble<\/figcaption><\/figure>\n<\/div>\n\n\n<div class=\"wp-block-buttons is-content-justification-center is-layout-flex wp-container-core-buttons-is-layout-16018d1d wp-block-buttons-is-layout-flex\">\n<div class=\"wp-block-button\"><a class=\"wp-block-button__link has-background wp-element-button\" href=\"https:\/\/hellolili.typeform.com\/to\/tnuGwXtT\" style=\"background-color:#ff855f\" target=\"_blank\" rel=\"noreferrer noopener\">T\u00e9l\u00e9charger le document<\/a><\/div>\n<\/div>\n\n\n\n<h2 class=\"wp-block-heading\">L\u2019esprit critique \u00e0 l\u2019\u00e9cole<\/h2>\n\n\n\n<p>L&rsquo;esprit critique se r\u00e9f\u00e8re \u00e0 l&rsquo;aptitude \u00e0 r\u00e9fl\u00e9chir de fa\u00e7on ind\u00e9pendante, \u00e0 examiner, \u00e0 analyser et \u00e0 remettre en question les informations, les arguments et les opinions sans \u00eatre influenc\u00e9 par ses propres biais, \u00e9motions ou influences externes. Cette comp\u00e9tence implique<strong> la recherche de preuves, la distinction entre faits et opinions<\/strong>, et l<strong>e d\u00e9veloppement d&rsquo;une r\u00e9flexion ind\u00e9pendante<\/strong> bas\u00e9e sur le raisonnement.<\/p>\n\n\n\n<p>Le d\u00e9veloppement de l&rsquo;esprit critique est essentiel pour soutenir l&rsquo;apprentissage de la vie en soci\u00e9t\u00e9, aujourd\u2019hui en tant qu\u2019\u00e9l\u00e8ve, demain en tant que citoyen.<\/p>\n\n\n\n<h2 class=\"wp-block-heading\">Encouragement du respect et de la tol\u00e9rance&nbsp;<\/h2>\n\n\n\n<p>L&rsquo;esprit critique incite les \u00e9l\u00e8ves \u00e0 comprendre et \u00e0 respecter les avis diff\u00e9rents des leurs, <strong>favorisant ainsi la tol\u00e9rance et le respect mutuel.<\/strong> Cela permet de cr\u00e9er un environnement d&rsquo;apprentissage inclusif o\u00f9 chaque voix peut \u00eatre entendue et prise en compte.<\/p>\n\n\n\n<h2 class=\"wp-block-heading\">D\u00e9veloppement de l&rsquo;autonomie de pens\u00e9e&nbsp;<\/h2>\n\n\n\n<p>En cultivant l&rsquo;esprit critique, les \u00e9l\u00e8ves apprennent \u00e0 se forger<strong> leurs propres opinions<\/strong> sur la base d&rsquo;analyses rigoureuses <strong>plut\u00f4t que d&rsquo;adh\u00e9rer aux id\u00e9es des autres,<\/strong> sans v\u00e9ritable fondement. Cela favorise le vivre-ensemble malgr\u00e9 les diff\u00e9rences d&rsquo;opinions.<\/p>\n\n\n\n<h2 class=\"wp-block-heading\">Consolidation de la coh\u00e9sion sociale<\/h2>\n\n\n\n<p>L&rsquo;apprentissage de l&rsquo;esprit critique aide les enfants \u00e0 identifier et \u00e0<strong> remettre en question les st\u00e9r\u00e9otypes, les pr\u00e9jug\u00e9s et les discriminations.<\/strong> Cela conduit \u00e0 une meilleure compr\u00e9hension et acceptation des diverses cultures et points de vue, renfor\u00e7ant ainsi la coh\u00e9sion sociale.<\/p>\n\n\n\n<h2 class=\"wp-block-heading\">Pr\u00e9vention des conflits<\/h2>\n\n\n\n<p>L&rsquo;esprit critique initie les classes \u00e0 <strong>la r\u00e9solution des d\u00e9saccords <\/strong>de mani\u00e8re constructive en se basant sur des arguments rationnels plut\u00f4t que sur des r\u00e9actions \u00e9motionnelles. Cette comp\u00e9tence est cruciale pour vivre ensemble \u00e0 l\u2019\u00e9cole et dans toute autre microsoci\u00e9t\u00e9 (famille, \u00e9quipe sportive, orchestre de musique, troupe de th\u00e9\u00e2tre, chorale, centre de loisirs\u2026).<\/p>\n\n\n\n<h2 class=\"wp-block-heading\">\u00c9ducation \u00e0 la citoyennet\u00e9<\/h2>\n\n\n\n<p>L&rsquo;enseignement de l&rsquo;esprit critique engage vos \u00e9l\u00e8ves \u00e0 devenir des citoyens actifs et inform\u00e9s, capables de <strong>participer de mani\u00e8re constructive \u00e0 la vie d\u00e9mocratique<\/strong>. Ils apprennent \u00e0 questionner l\u2019actualit\u00e9, \u00e0 reconna\u00eetre les fausses informations et \u00e0 prendre des d\u00e9cisions \u00e9clair\u00e9es sur des sujets qui affectent leur quotidien d\u2019enfant et le monde en g\u00e9n\u00e9ral.<\/p>\n\n\n\n<h2 class=\"wp-block-heading\">Le vivre-ensemble avec Lili<\/h2>\n\n\n\n<p>Lili permet d&rsquo;aller plus loin que l&rsquo;apprentissage th\u00e9orique des r\u00e8gles de citoyennet\u00e9. Les diff\u00e9rentes activit\u00e9s proposent des mises en pratique concr\u00e8tes pour favoriser le vivre-ensemble :&nbsp;<\/p>\n\n\n\n<ul class=\"wp-block-list\">\n<li><a href=\"https:\/\/www.lili.cool\/fr\/philosophie_pour_enfant\/\" target=\"_blank\" rel=\"noreferrer noopener\">les ateliers de philosophie pour enfants<\/a> d\u00e9veloppent leur esprit critique ;<\/li>\n\n\n\n<li><a href=\"https:\/\/www.lili.cool\/fr\/gagner-aisance-oral-ecole-je-mexprime\/\">les act<\/a><a href=\"https:\/\/www.lili.cool\/fr\/gagner-aisance-oral-ecole-je-mexprime\/\" target=\"_blank\" rel=\"noreferrer noopener\">i<\/a><a href=\"https:\/\/www.lili.cool\/fr\/gagner-aisance-oral-ecole-je-mexprime\/\">vit\u00e9s d\u2019art et de th\u00e9\u00e2tre<\/a> stimulent leur expression et leur adaptabilit\u00e9 ;<\/li>\n\n\n\n<li><a href=\"https:\/\/www.lili.cool\/fr\/temps-calme-pourquoi-quand-comment-organiser-classe\/\" target=\"_blank\" rel=\"noreferrer noopener\">les temps calmes<\/a> amplifient leur bien-\u00eatre.<\/li>\n<\/ul>\n\n\n\n<p>Articul\u00e9es conjointement, ces activit\u00e9s ludiques participent \u00e0 leur \u00e9panouissement et leur permettent de r\u00e9pondre au mieux aux exigences et aux difficult\u00e9s de leur quotidien.<\/p>\n\n\n\n<div class=\"wp-block-buttons is-content-justification-center is-layout-flex wp-container-core-buttons-is-layout-16018d1d wp-block-buttons-is-layout-flex\">\n<div class=\"wp-block-button\"><a class=\"wp-block-button__link has-background wp-element-button\" href=\"https:\/\/www.lili.cool\/fr\/projet-nefle-lili-vous-accompagne\/\" style=\"background-color:#ff855f\" target=\"_blank\" rel=\"noreferrer noopener\">Faites entrer <strong>Lili <\/strong>dans le financement de <strong>votre projet NEFLE.<\/strong><\/a><\/div>\n<\/div>\n\n\n\n<p><br>Lili est heureux d\u2019accompagner la communaut\u00e9 \u00e9ducative dans ses initiatives et propose de <a href=\"https:\/\/hellolili.typeform.com\/to\/tnuGwXtT\" target=\"_blank\" rel=\"noreferrer noopener\">t\u00e9l\u00e9charger le PDF du projet NEFLE <strong><em>Ateliers philo et vivre ensemble<\/em><\/strong><\/a><strong><em> <\/em><\/strong>con\u00e7u pour vous aider \u00e0 relever ce d\u00e9fi<strong> <\/strong>. Vous pouvez ainsi en extraire les id\u00e9es et les actions qui font sens pour votre \u00e9quipe et enrichir le projet CNR de votre \u00e9cole ou de votre \u00e9tablissement. Si vos priorit\u00e9s s\u2019orientent vers des th\u00e9matiques diff\u00e9rentes, n\u2019h\u00e9sitez pas \u00e0 <strong>consulter les<\/strong> <strong>autres exemples de projet NEFLE<\/strong> :<br><\/p>\n\n\n\n<ul class=\"wp-block-list\">\n<li><a href=\"https:\/\/www.lili.cool\/fr\/projet-nefle-cps-et-empathie-les-conseils-de-lili\/\" target=\"_blank\" rel=\"noreferrer noopener\">CPS et empathie<\/a> ;<\/li>\n\n\n\n<li><a href=\"https:\/\/www.lili.cool\/fr\/projet-nefle-gestion-des-emotions-et-bien-etre-avec-lili\/\" target=\"_blank\" rel=\"noreferrer noopener\">Gestion des \u00e9motions et bien-\u00eatre<\/a> ;<\/li>\n\n\n\n<li><a href=\"https:\/\/www.lili.cool\/fr\/projet-nefle-theatre-et-expression-pour-la-reussite-de-tous\/\" target=\"_blank\" rel=\"noreferrer noopener\">Th\u00e9\u00e2tre et expression<\/a> ;<\/li>\n\n\n\n<li><a href=\"https:\/\/www.lili.cool\/fr\/projet-nefle-encourager-la-cooperation-et-linclusion\/\" target=\"_blank\" rel=\"noreferrer noopener\">Coop\u00e9ration et inclusion.<\/a><\/li>\n<\/ul>\n\n\n\n<p class=\"has-text-align-center\">Besoin de conseils ?<strong> Lili vous accompagne<\/strong> :<\/p>\n\n\n\n<div class=\"wp-block-buttons is-content-justification-center is-layout-flex wp-container-core-buttons-is-layout-16018d1d wp-block-buttons-is-layout-flex\">\n<div class=\"wp-block-button is-style-fill\"><a class=\"wp-block-button__link has-background wp-element-button\" href=\"https:\/\/calendly.com\/benedicte-fubm\/presentation-de-lili-cool?\" style=\"background-color:#ff855f\" target=\"_blank\" rel=\"noreferrer noopener\">Prenez RDV avec B\u00e9n\u00e9dicte<\/a><\/div>\n<\/div>\n\n\n\n<p><\/p>\n","protected":false},"excerpt":{"rendered":"<p>Vous souhaitez favoriser le vivre-ensemble ? Montez un projet NEFLE \u00e0 l&rsquo;aide des ateliers philo Lili.<\/p>\n","protected":false},"author":5,"featured_media":2736,"comment_status":"closed","ping_status":"closed","sticky":false,"template":"","format":"standard","meta":{"inline_featured_image":false,"footnotes":""},"categories":[13],"tags":[119,116,120,117],"class_list":["post-2735","post","type-post","status-publish","format-standard","has-post-thumbnail","hentry","category-pedagogie","tag-innovationpedagogique","tag-nefle","tag-notreecolefaisonslaensemble","tag-projetnefle"],"acf":[],"yoast_head":"<!-- This site is optimized with the Yoast SEO plugin v27.5 - https:\/\/yoast.com\/product\/yoast-seo-wordpress\/ -->\n<title>Projet NEFLE : Atelier philo pour favoriser le vivre-ensemble<\/title>\n<meta name=\"description\" content=\"NEFLE, CNR - Vous souhaitez initier les \u00e9l\u00e8ves \u00e0 la citoyennet\u00e9 ? Montez un projet NEFLE philo et vivre-ensemble\" \/>\n<meta name=\"robots\" content=\"index, follow, max-snippet:-1, max-image-preview:large, max-video-preview:-1\" \/>\n<link rel=\"canonical\" href=\"https:\/\/www.lili.cool\/fr\/projet-nefle-ateliers-philo-pour-favoriser-le-vivre-ensemble\/\" \/>\n<meta property=\"og:locale\" content=\"fr_FR\" \/>\n<meta property=\"og:type\" content=\"article\" \/>\n<meta property=\"og:title\" content=\"Projet NEFLE : Atelier philo pour favoriser le vivre-ensemble\" \/>\n<meta property=\"og:description\" content=\"NEFLE, CNR - Vous souhaitez initier les \u00e9l\u00e8ves \u00e0 la citoyennet\u00e9 ? Montez un projet NEFLE philo et vivre-ensemble\" \/>\n<meta property=\"og:url\" content=\"https:\/\/www.lili.cool\/fr\/projet-nefle-ateliers-philo-pour-favoriser-le-vivre-ensemble\/\" \/>\n<meta property=\"og:site_name\" content=\"LILI, l&#039;appli audio et la formation pour faire grandir la confiance des 3-15 ans \u00e0 l&#039;\u00e9cole, en p\u00e9riscolaire et \u00e0 la maison\" \/>\n<meta property=\"article:publisher\" content=\"https:\/\/www.facebook.com\/lilicoolapp\/\" \/>\n<meta property=\"article:published_time\" content=\"2024-04-09T13:33:26+00:00\" \/>\n<meta property=\"article:modified_time\" content=\"2024-09-17T10:45:11+00:00\" \/>\n<meta property=\"og:image\" content=\"https:\/\/www.lili.cool\/wp-content\/uploads\/Projet_nefle_atelier_philo_vivre_ensemble_lili.jpg\" \/>\n\t<meta property=\"og:image:width\" content=\"1534\" \/>\n\t<meta property=\"og:image:height\" content=\"1042\" \/>\n\t<meta property=\"og:image:type\" content=\"image\/jpeg\" \/>\n<meta name=\"author\" content=\"Emilie\" \/>\n<meta name=\"twitter:card\" content=\"summary_large_image\" \/>\n<meta name=\"twitter:label1\" content=\"\u00c9crit par\" \/>\n\t<meta name=\"twitter:data1\" content=\"Emilie\" \/>\n\t<meta name=\"twitter:label2\" content=\"Dur\u00e9e de lecture estim\u00e9e\" \/>\n\t<meta name=\"twitter:data2\" content=\"4 minutes\" \/>\n<script type=\"application\/ld+json\" class=\"yoast-schema-graph\">{\"@context\":\"https:\\\/\\\/schema.org\",\"@graph\":[{\"@type\":[\"Article\",\"BlogPosting\"],\"@id\":\"https:\\\/\\\/www.lili.cool\\\/fr\\\/projet-nefle-ateliers-philo-pour-favoriser-le-vivre-ensemble\\\/#article\",\"isPartOf\":{\"@id\":\"https:\\\/\\\/www.lili.cool\\\/fr\\\/projet-nefle-ateliers-philo-pour-favoriser-le-vivre-ensemble\\\/\"},\"author\":{\"name\":\"Emilie\",\"@id\":\"https:\\\/\\\/www.lili.cool\\\/fr\\\/#\\\/schema\\\/person\\\/24aa712f28c853f3df1f93b460b931ea\"},\"headline\":\"Projet NEFLE : Ateliers philo pour favoriser le vivre-ensemble\",\"datePublished\":\"2024-04-09T13:33:26+00:00\",\"dateModified\":\"2024-09-17T10:45:11+00:00\",\"mainEntityOfPage\":{\"@id\":\"https:\\\/\\\/www.lili.cool\\\/fr\\\/projet-nefle-ateliers-philo-pour-favoriser-le-vivre-ensemble\\\/\"},\"wordCount\":752,\"publisher\":{\"@id\":\"https:\\\/\\\/www.lili.cool\\\/fr\\\/#organization\"},\"image\":{\"@id\":\"https:\\\/\\\/www.lili.cool\\\/fr\\\/projet-nefle-ateliers-philo-pour-favoriser-le-vivre-ensemble\\\/#primaryimage\"},\"thumbnailUrl\":\"https:\\\/\\\/www.lili.cool\\\/wp-content\\\/uploads\\\/Projet_nefle_atelier_philo_vivre_ensemble_lili.jpg\",\"keywords\":[\"#innovationpedagogique\",\"#nefle\",\"#notreecolefaisonslaensemble\",\"#projetnefle\"],\"articleSection\":[\"P\u00e9dagogie\"],\"inLanguage\":\"fr-FR\"},{\"@type\":\"WebPage\",\"@id\":\"https:\\\/\\\/www.lili.cool\\\/fr\\\/projet-nefle-ateliers-philo-pour-favoriser-le-vivre-ensemble\\\/\",\"url\":\"https:\\\/\\\/www.lili.cool\\\/fr\\\/projet-nefle-ateliers-philo-pour-favoriser-le-vivre-ensemble\\\/\",\"name\":\"Projet NEFLE : Atelier philo pour favoriser le vivre-ensemble\",\"isPartOf\":{\"@id\":\"https:\\\/\\\/www.lili.cool\\\/fr\\\/#website\"},\"primaryImageOfPage\":{\"@id\":\"https:\\\/\\\/www.lili.cool\\\/fr\\\/projet-nefle-ateliers-philo-pour-favoriser-le-vivre-ensemble\\\/#primaryimage\"},\"image\":{\"@id\":\"https:\\\/\\\/www.lili.cool\\\/fr\\\/projet-nefle-ateliers-philo-pour-favoriser-le-vivre-ensemble\\\/#primaryimage\"},\"thumbnailUrl\":\"https:\\\/\\\/www.lili.cool\\\/wp-content\\\/uploads\\\/Projet_nefle_atelier_philo_vivre_ensemble_lili.jpg\",\"datePublished\":\"2024-04-09T13:33:26+00:00\",\"dateModified\":\"2024-09-17T10:45:11+00:00\",\"description\":\"NEFLE, CNR - Vous souhaitez initier les \u00e9l\u00e8ves \u00e0 la citoyennet\u00e9 ? Montez un projet NEFLE philo et vivre-ensemble\",\"breadcrumb\":{\"@id\":\"https:\\\/\\\/www.lili.cool\\\/fr\\\/projet-nefle-ateliers-philo-pour-favoriser-le-vivre-ensemble\\\/#breadcrumb\"},\"inLanguage\":\"fr-FR\",\"potentialAction\":[{\"@type\":\"ReadAction\",\"target\":[\"https:\\\/\\\/www.lili.cool\\\/fr\\\/projet-nefle-ateliers-philo-pour-favoriser-le-vivre-ensemble\\\/\"]}]},{\"@type\":\"ImageObject\",\"inLanguage\":\"fr-FR\",\"@id\":\"https:\\\/\\\/www.lili.cool\\\/fr\\\/projet-nefle-ateliers-philo-pour-favoriser-le-vivre-ensemble\\\/#primaryimage\",\"url\":\"https:\\\/\\\/www.lili.cool\\\/wp-content\\\/uploads\\\/Projet_nefle_atelier_philo_vivre_ensemble_lili.jpg\",\"contentUrl\":\"https:\\\/\\\/www.lili.cool\\\/wp-content\\\/uploads\\\/Projet_nefle_atelier_philo_vivre_ensemble_lili.jpg\",\"width\":1534,\"height\":1042,\"caption\":\"Visuel du projet NEFLE sur les ateliers philo et le vivre-ensemble avec Lili.\"},{\"@type\":\"BreadcrumbList\",\"@id\":\"https:\\\/\\\/www.lili.cool\\\/fr\\\/projet-nefle-ateliers-philo-pour-favoriser-le-vivre-ensemble\\\/#breadcrumb\",\"itemListElement\":[{\"@type\":\"ListItem\",\"position\":1,\"name\":\"Accueil\",\"item\":\"https:\\\/\\\/www.lili.cool\\\/fr\\\/\"},{\"@type\":\"ListItem\",\"position\":2,\"name\":\"P\u00e9dagogie\",\"item\":\"https:\\\/\\\/www.lili.cool\\\/fr\\\/sujets\\\/pedagogie\\\/\"},{\"@type\":\"ListItem\",\"position\":3,\"name\":\"Projet NEFLE : Ateliers philo pour favoriser le vivre-ensemble\"}]},{\"@type\":\"WebSite\",\"@id\":\"https:\\\/\\\/www.lili.cool\\\/fr\\\/#website\",\"url\":\"https:\\\/\\\/www.lili.cool\\\/fr\\\/\",\"name\":\"LILI, l&#039;appli audio et la formation pour faire grandir la confiance des 3-15 ans \u00e0 l&#039;\u00e9cole, en p\u00e9riscolaire et \u00e0 la maison\",\"description\":\"Faire grandir la confiance et le vivre-ensemble\",\"publisher\":{\"@id\":\"https:\\\/\\\/www.lili.cool\\\/fr\\\/#organization\"},\"potentialAction\":[{\"@type\":\"SearchAction\",\"target\":{\"@type\":\"EntryPoint\",\"urlTemplate\":\"https:\\\/\\\/www.lili.cool\\\/fr\\\/?s={search_term_string}\"},\"query-input\":{\"@type\":\"PropertyValueSpecification\",\"valueRequired\":true,\"valueName\":\"search_term_string\"}}],\"inLanguage\":\"fr-FR\"},{\"@type\":\"Organization\",\"@id\":\"https:\\\/\\\/www.lili.cool\\\/fr\\\/#organization\",\"name\":\"LILI SAS\",\"url\":\"https:\\\/\\\/www.lili.cool\\\/fr\\\/\",\"logo\":{\"@type\":\"ImageObject\",\"inLanguage\":\"fr-FR\",\"@id\":\"https:\\\/\\\/www.lili.cool\\\/fr\\\/#\\\/schema\\\/logo\\\/image\\\/\",\"url\":\"https:\\\/\\\/www.lili.cool\\\/wp-content\\\/uploads\\\/logo-lili-cool.png\",\"contentUrl\":\"https:\\\/\\\/www.lili.cool\\\/wp-content\\\/uploads\\\/logo-lili-cool.png\",\"width\":320,\"height\":372,\"caption\":\"LILI SAS\"},\"image\":{\"@id\":\"https:\\\/\\\/www.lili.cool\\\/fr\\\/#\\\/schema\\\/logo\\\/image\\\/\"},\"sameAs\":[\"https:\\\/\\\/www.facebook.com\\\/lilicoolapp\\\/\",\"https:\\\/\\\/www.linkedin.com\\\/company\\\/lili-cool-app\\\/\",\"https:\\\/\\\/www.instagram.com\\\/lili.cool.app\\\/\"]},{\"@type\":\"Person\",\"@id\":\"https:\\\/\\\/www.lili.cool\\\/fr\\\/#\\\/schema\\\/person\\\/24aa712f28c853f3df1f93b460b931ea\",\"name\":\"Emilie\",\"image\":{\"@type\":\"ImageObject\",\"inLanguage\":\"fr-FR\",\"@id\":\"https:\\\/\\\/secure.gravatar.com\\\/avatar\\\/cc6c2c58103af58b5baa8040897e559f990b86aeaf51f5aa17a91b699da77d74?s=96&d=mm&r=g\",\"url\":\"https:\\\/\\\/secure.gravatar.com\\\/avatar\\\/cc6c2c58103af58b5baa8040897e559f990b86aeaf51f5aa17a91b699da77d74?s=96&d=mm&r=g\",\"contentUrl\":\"https:\\\/\\\/secure.gravatar.com\\\/avatar\\\/cc6c2c58103af58b5baa8040897e559f990b86aeaf51f5aa17a91b699da77d74?s=96&d=mm&r=g\",\"caption\":\"Emilie\"},\"url\":\"https:\\\/\\\/www.lili.cool\\\/fr\\\/author\\\/emilie_lili\\\/\"}]}<\/script>\n<!-- \/ Yoast SEO plugin. -->","yoast_head_json":{"title":"Projet NEFLE : Atelier philo pour favoriser le vivre-ensemble","description":"NEFLE, CNR - Vous souhaitez initier les \u00e9l\u00e8ves \u00e0 la citoyennet\u00e9 ? Montez un projet NEFLE philo et vivre-ensemble","robots":{"index":"index","follow":"follow","max-snippet":"max-snippet:-1","max-image-preview":"max-image-preview:large","max-video-preview":"max-video-preview:-1"},"canonical":"https:\/\/www.lili.cool\/fr\/projet-nefle-ateliers-philo-pour-favoriser-le-vivre-ensemble\/","og_locale":"fr_FR","og_type":"article","og_title":"Projet NEFLE : Atelier philo pour favoriser le vivre-ensemble","og_description":"NEFLE, CNR - Vous souhaitez initier les \u00e9l\u00e8ves \u00e0 la citoyennet\u00e9 ? Montez un projet NEFLE philo et vivre-ensemble","og_url":"https:\/\/www.lili.cool\/fr\/projet-nefle-ateliers-philo-pour-favoriser-le-vivre-ensemble\/","og_site_name":"LILI, l&#039;appli audio et la formation pour faire grandir la confiance des 3-15 ans \u00e0 l&#039;\u00e9cole, en p\u00e9riscolaire et \u00e0 la maison","article_publisher":"https:\/\/www.facebook.com\/lilicoolapp\/","article_published_time":"2024-04-09T13:33:26+00:00","article_modified_time":"2024-09-17T10:45:11+00:00","og_image":[{"width":1534,"height":1042,"url":"https:\/\/www.lili.cool\/wp-content\/uploads\/Projet_nefle_atelier_philo_vivre_ensemble_lili.jpg","type":"image\/jpeg"}],"author":"Emilie","twitter_card":"summary_large_image","twitter_misc":{"\u00c9crit par":"Emilie","Dur\u00e9e de lecture estim\u00e9e":"4 minutes"},"schema":{"@context":"https:\/\/schema.org","@graph":[{"@type":["Article","BlogPosting"],"@id":"https:\/\/www.lili.cool\/fr\/projet-nefle-ateliers-philo-pour-favoriser-le-vivre-ensemble\/#article","isPartOf":{"@id":"https:\/\/www.lili.cool\/fr\/projet-nefle-ateliers-philo-pour-favoriser-le-vivre-ensemble\/"},"author":{"name":"Emilie","@id":"https:\/\/www.lili.cool\/fr\/#\/schema\/person\/24aa712f28c853f3df1f93b460b931ea"},"headline":"Projet NEFLE : Ateliers philo pour favoriser le vivre-ensemble","datePublished":"2024-04-09T13:33:26+00:00","dateModified":"2024-09-17T10:45:11+00:00","mainEntityOfPage":{"@id":"https:\/\/www.lili.cool\/fr\/projet-nefle-ateliers-philo-pour-favoriser-le-vivre-ensemble\/"},"wordCount":752,"publisher":{"@id":"https:\/\/www.lili.cool\/fr\/#organization"},"image":{"@id":"https:\/\/www.lili.cool\/fr\/projet-nefle-ateliers-philo-pour-favoriser-le-vivre-ensemble\/#primaryimage"},"thumbnailUrl":"https:\/\/www.lili.cool\/wp-content\/uploads\/Projet_nefle_atelier_philo_vivre_ensemble_lili.jpg","keywords":["#innovationpedagogique","#nefle","#notreecolefaisonslaensemble","#projetnefle"],"articleSection":["P\u00e9dagogie"],"inLanguage":"fr-FR"},{"@type":"WebPage","@id":"https:\/\/www.lili.cool\/fr\/projet-nefle-ateliers-philo-pour-favoriser-le-vivre-ensemble\/","url":"https:\/\/www.lili.cool\/fr\/projet-nefle-ateliers-philo-pour-favoriser-le-vivre-ensemble\/","name":"Projet NEFLE : Atelier philo pour favoriser le vivre-ensemble","isPartOf":{"@id":"https:\/\/www.lili.cool\/fr\/#website"},"primaryImageOfPage":{"@id":"https:\/\/www.lili.cool\/fr\/projet-nefle-ateliers-philo-pour-favoriser-le-vivre-ensemble\/#primaryimage"},"image":{"@id":"https:\/\/www.lili.cool\/fr\/projet-nefle-ateliers-philo-pour-favoriser-le-vivre-ensemble\/#primaryimage"},"thumbnailUrl":"https:\/\/www.lili.cool\/wp-content\/uploads\/Projet_nefle_atelier_philo_vivre_ensemble_lili.jpg","datePublished":"2024-04-09T13:33:26+00:00","dateModified":"2024-09-17T10:45:11+00:00","description":"NEFLE, CNR - Vous souhaitez initier les \u00e9l\u00e8ves \u00e0 la citoyennet\u00e9 ? Montez un projet NEFLE philo et vivre-ensemble","breadcrumb":{"@id":"https:\/\/www.lili.cool\/fr\/projet-nefle-ateliers-philo-pour-favoriser-le-vivre-ensemble\/#breadcrumb"},"inLanguage":"fr-FR","potentialAction":[{"@type":"ReadAction","target":["https:\/\/www.lili.cool\/fr\/projet-nefle-ateliers-philo-pour-favoriser-le-vivre-ensemble\/"]}]},{"@type":"ImageObject","inLanguage":"fr-FR","@id":"https:\/\/www.lili.cool\/fr\/projet-nefle-ateliers-philo-pour-favoriser-le-vivre-ensemble\/#primaryimage","url":"https:\/\/www.lili.cool\/wp-content\/uploads\/Projet_nefle_atelier_philo_vivre_ensemble_lili.jpg","contentUrl":"https:\/\/www.lili.cool\/wp-content\/uploads\/Projet_nefle_atelier_philo_vivre_ensemble_lili.jpg","width":1534,"height":1042,"caption":"Visuel du projet NEFLE sur les ateliers philo et le vivre-ensemble avec Lili."},{"@type":"BreadcrumbList","@id":"https:\/\/www.lili.cool\/fr\/projet-nefle-ateliers-philo-pour-favoriser-le-vivre-ensemble\/#breadcrumb","itemListElement":[{"@type":"ListItem","position":1,"name":"Accueil","item":"https:\/\/www.lili.cool\/fr\/"},{"@type":"ListItem","position":2,"name":"P\u00e9dagogie","item":"https:\/\/www.lili.cool\/fr\/sujets\/pedagogie\/"},{"@type":"ListItem","position":3,"name":"Projet NEFLE : Ateliers philo pour favoriser le vivre-ensemble"}]},{"@type":"WebSite","@id":"https:\/\/www.lili.cool\/fr\/#website","url":"https:\/\/www.lili.cool\/fr\/","name":"LILI, l&#039;appli audio et la formation pour faire grandir la confiance des 3-15 ans \u00e0 l&#039;\u00e9cole, en p\u00e9riscolaire et \u00e0 la maison","description":"Faire grandir la confiance et le vivre-ensemble","publisher":{"@id":"https:\/\/www.lili.cool\/fr\/#organization"},"potentialAction":[{"@type":"SearchAction","target":{"@type":"EntryPoint","urlTemplate":"https:\/\/www.lili.cool\/fr\/?s={search_term_string}"},"query-input":{"@type":"PropertyValueSpecification","valueRequired":true,"valueName":"search_term_string"}}],"inLanguage":"fr-FR"},{"@type":"Organization","@id":"https:\/\/www.lili.cool\/fr\/#organization","name":"LILI SAS","url":"https:\/\/www.lili.cool\/fr\/","logo":{"@type":"ImageObject","inLanguage":"fr-FR","@id":"https:\/\/www.lili.cool\/fr\/#\/schema\/logo\/image\/","url":"https:\/\/www.lili.cool\/wp-content\/uploads\/logo-lili-cool.png","contentUrl":"https:\/\/www.lili.cool\/wp-content\/uploads\/logo-lili-cool.png","width":320,"height":372,"caption":"LILI SAS"},"image":{"@id":"https:\/\/www.lili.cool\/fr\/#\/schema\/logo\/image\/"},"sameAs":["https:\/\/www.facebook.com\/lilicoolapp\/","https:\/\/www.linkedin.com\/company\/lili-cool-app\/","https:\/\/www.instagram.com\/lili.cool.app\/"]},{"@type":"Person","@id":"https:\/\/www.lili.cool\/fr\/#\/schema\/person\/24aa712f28c853f3df1f93b460b931ea","name":"Emilie","image":{"@type":"ImageObject","inLanguage":"fr-FR","@id":"https:\/\/secure.gravatar.com\/avatar\/cc6c2c58103af58b5baa8040897e559f990b86aeaf51f5aa17a91b699da77d74?s=96&d=mm&r=g","url":"https:\/\/secure.gravatar.com\/avatar\/cc6c2c58103af58b5baa8040897e559f990b86aeaf51f5aa17a91b699da77d74?s=96&d=mm&r=g","contentUrl":"https:\/\/secure.gravatar.com\/avatar\/cc6c2c58103af58b5baa8040897e559f990b86aeaf51f5aa17a91b699da77d74?s=96&d=mm&r=g","caption":"Emilie"},"url":"https:\/\/www.lili.cool\/fr\/author\/emilie_lili\/"}]}},"_links":{"self":[{"href":"https:\/\/www.lili.cool\/fr\/wp-json\/wp\/v2\/posts\/2735","targetHints":{"allow":["GET"]}}],"collection":[{"href":"https:\/\/www.lili.cool\/fr\/wp-json\/wp\/v2\/posts"}],"about":[{"href":"https:\/\/www.lili.cool\/fr\/wp-json\/wp\/v2\/types\/post"}],"author":[{"embeddable":true,"href":"https:\/\/www.lili.cool\/fr\/wp-json\/wp\/v2\/users\/5"}],"replies":[{"embeddable":true,"href":"https:\/\/www.lili.cool\/fr\/wp-json\/wp\/v2\/comments?post=2735"}],"version-history":[{"count":11,"href":"https:\/\/www.lili.cool\/fr\/wp-json\/wp\/v2\/posts\/2735\/revisions"}],"predecessor-version":[{"id":2939,"href":"https:\/\/www.lili.cool\/fr\/wp-json\/wp\/v2\/posts\/2735\/revisions\/2939"}],"wp:featuredmedia":[{"embeddable":true,"href":"https:\/\/www.lili.cool\/fr\/wp-json\/wp\/v2\/media\/2736"}],"wp:attachment":[{"href":"https:\/\/www.lili.cool\/fr\/wp-json\/wp\/v2\/media?parent=2735"}],"wp:term":[{"taxonomy":"category","embeddable":true,"href":"https:\/\/www.lili.cool\/fr\/wp-json\/wp\/v2\/categories?post=2735"},{"taxonomy":"post_tag","embeddable":true,"href":"https:\/\/www.lili.cool\/fr\/wp-json\/wp\/v2\/tags?post=2735"}],"curies":[{"name":"wp","href":"https:\/\/api.w.org\/{rel}","templated":true}]}}