{"id":2177,"date":"2023-12-13T11:31:40","date_gmt":"2023-12-13T10:31:40","guid":{"rendered":"https:\/\/www.lili.cool\/?p=1885"},"modified":"2023-12-22T13:55:40","modified_gmt":"2023-12-22T12:55:40","slug":"programme_cycle_3","status":"publish","type":"post","link":"https:\/\/www.lili.cool\/fr\/programme_cycle_3\/","title":{"rendered":"Programme Cycle 3 : D\u00e9couvrez les Ressources Lili"},"content":{"rendered":"\n<p class=\"chapeau\">Le passage du cycle 2 au cycle 3 marque une \u00e9tape significative dans le parcours \u00e9ducatif des \u00e9l\u00e8ves, englobant les classes de CM1, CM2 et 6<sup>e<\/sup>. Pour accompagner cette transition, Lili, l&rsquo;assistant p\u00e9dagogique audio d\u00e9di\u00e9 aux 3-12 ans, offre un \u00e9ventail d&rsquo;activit\u00e9s et de ressources adapt\u00e9es au programme de cycle 3. Vous souhaitez d\u00e9velopper les comp\u00e9tences psychosociales de vos \u00e9l\u00e8ves ? Cet article vous offre un aper\u00e7u d\u00e9taill\u00e9 des multiples usages.<\/p>\n\n\n\n<h2 class=\"wp-block-heading\" id=\"cycle\">Lili accompagne les \u00e9l\u00e8ves et les enseignants du cycle 3<\/h2>\n\n\n\n<h3 class=\"wp-block-heading\">Cycle 1 et 2 : fondations pour le cycle 3<\/h3>\n\n\n\n<p>Les programmes des cycles 1 et 2 posent les bases essentielles pour le cycle 3. Ils fa\u00e7onnent les comp\u00e9tences cl\u00e9s que Lili, avec ses activit\u00e9s ludiques et innovantes, renforce et d\u00e9veloppe.&nbsp;<\/p>\n\n\n\n<h3 class=\"wp-block-heading\">Outil num\u00e9rique audio au service du bien-\u00eatre<\/h3>\n\n\n\n<p>Assistant p\u00e9dagogique audio, <a href=\"https:\/\/www.lili.cool\/fr\/\" target=\"_blank\" rel=\"noreferrer noopener\">Lili <\/a>a \u00e9t\u00e9 choisi par l\u2019Education nationale pour enseigner les CPS d\u00e8s la maternelle. Au service du bien-\u00eatre en classe et du vivre-ensemble, il a \u00e9t\u00e9 con\u00e7u par des chercheurs et des enseignants.<\/p>\n\n\n\n<p>Lili se veut une solution solide et concr\u00e8te pour d\u00e9velopper le respect de soi et de l\u2019autre, avec des activit\u00e9s p\u00e9dagogiques cl\u00e9s en main qui r\u00e9pondent aux exigences du programme scolaire :&nbsp;<\/p>\n\n\n\n<ul class=\"wp-block-list\">\n<li><a href=\"https:\/\/www.lili.cool\/fr\/temps-calme-pourquoi-quand-comment-organiser-classe\" target=\"_blank\" rel=\"noreferrer noopener\">retour au calme<\/a> ;<\/li>\n\n\n\n<li>gestion des \u00e9motions ;<\/li>\n\n\n\n<li>d\u00e9veloppement du vocabulaire ;<\/li>\n\n\n\n<li>d\u00e9veloppement de l\u2019expression orale en fran\u00e7ais ;<\/li>\n\n\n\n<li>d\u00e9veloppement de l\u2019esprit critique en EMC ;<\/li>\n\n\n\n<li>formation du citoyen du SCCCC&#8230;<\/li>\n<\/ul>\n\n\n\n<h3 class=\"wp-block-heading\">Socle Commun de Connaissances, de Comp\u00e9tences et de Culture (SCCCC) : un objectif partag\u00e9<\/h3>\n\n\n\n<p>Lili r\u00e9pond aux attendus du <a href=\"https:\/\/www.lili.cool\/fr\/scccc-lili-partenaire-de-sa-mise-en-oeuvre\/\" target=\"_blank\" rel=\"noreferrer noopener\">Socle Commun de Connaissances, de Comp\u00e9tences et de Culture<\/a>. Vous trouverez le d\u00e9tail dans le document \u00ab\u00a0La conformit\u00e9 avec le programme acad\u00e9mique\u00a0\u00bb au sein de la rubrique \u00ab\u00a07 \u00e9tapes pour vous lancer\u201d de la salle des super-profs accessible depuis l\u2019\u00e9cran d\u2019accueil de l\u2019application lili.cool. <\/p>\n\n\n\n<h3 class=\"wp-block-heading\">Programme cycle 3 : Lili s\u2019invite en fran\u00e7ais et en EMC<\/h3>\n\n\n\n<p>Lili s\u2019inscrit sur le programme de fran\u00e7ais pour am\u00e9liorer l\u2019oral et le vocabulaire. Que ce soit avec les jeux sur les \u00e9motions, les virelangues ou les diverses activit\u00e9s d\u2019improvisation et de philo pour enfants, Lili d\u00e9veloppe les comp\u00e9tences n\u00e9cessaires pour s\u2019exprimer en public.<\/p>\n\n\n\n<p>Les ateliers <em><a href=\"https:\/\/www.lili.cool\/fr\/philosophie_pour_enfants\" target=\"_blank\" rel=\"noreferrer noopener\">Je grandis<\/a><\/em> de Lili s\u2019av\u00e8rent \u00e9galement pertinents pour introduire les th\u00e8mes d\u2019EMC. Ils peuvent s\u2019utiliser chaque semaine en r\u00e9ponse aux probl\u00e9matiques identifi\u00e9es par les enseignants ou par les \u00e9l\u00e8ves eux-m\u00eames, lors du conseil.<\/p>\n\n\n\n<p>Les activit\u00e9s <em><a href=\"https:\/\/www.lili.cool\/fr\/gagner-aisance-oral-ecole-je-mexprime\/\" target=\"_blank\" rel=\"noreferrer noopener\">Je m\u2019exprime<\/a><\/em> peuvent r\u00e9pondre \u00e0 un rituel de mise au travail le matin. Ludiques, l\u2019art et l\u2019improvisation peuvent \u00e9galement \u00eatre utilis\u00e9s sur les temps d\u2019activit\u00e9s p\u00e9dagogiques compl\u00e9mentaires (APC) pour retrouver le plaisir d\u2019apprendre.<\/p>\n\n\n\n<h2 class=\"wp-block-heading\" id=\"coll\u00e8ge\">Un nouveau chapitre : la rentr\u00e9e au coll\u00e8ge<\/h2>\n\n\n\n<h3 class=\"wp-block-heading\">L\u2019ann\u00e9e de 6<sup>e<\/sup>, Lili est l\u00e0 aussi<\/h3>\n\n\n\n<p>La rentr\u00e9e au coll\u00e8ge marque le d\u00e9but d\u2019une nouvelle vie pour les enfants. En effet, la 6<sup>e<\/sup> est une ann\u00e9e charni\u00e8re qui n\u00e9cessite un temps d\u2019adaptation. C&rsquo;est pourquoi Lili ne s&rsquo;arr\u00eate pas \u00e0 la fin du CM2. Il assiste aussi les enseignants du secondaire et propose d\u2019accompagner les \u00e9l\u00e8ves de 6<sup>e<\/sup> de septembre \u00e0 juillet. <\/p>\n\n\n\n<blockquote class=\"wp-block-quote is-layout-flow wp-block-quote-is-layout-flow\"><div class=\"wp-block-image\">\n<figure data-wp-context=\"{&quot;imageId&quot;:&quot;69f2aabdd991f&quot;}\" data-wp-interactive=\"core\/image\" data-wp-key=\"69f2aabdd991f\" class=\"aligncenter size-full wp-lightbox-container\"><img decoding=\"async\" data-wp-class--hide=\"state.isContentHidden\" data-wp-class--show=\"state.isContentVisible\" data-wp-init=\"callbacks.setButtonStyles\" data-wp-on--click=\"actions.showLightbox\" data-wp-on--load=\"callbacks.setButtonStyles\" data-wp-on-window--resize=\"callbacks.setButtonStyles\" src=\"https:\/\/www.lili.cool\/wp-content\/uploads\/Conseils_Lili_college.png\" alt=\"\" class=\"wp-image-1899\"\/><button\n\t\t\tclass=\"lightbox-trigger\"\n\t\t\ttype=\"button\"\n\t\t\taria-haspopup=\"dialog\"\n\t\t\taria-label=\"Agrandir\"\n\t\t\tdata-wp-init=\"callbacks.initTriggerButton\"\n\t\t\tdata-wp-on--click=\"actions.showLightbox\"\n\t\t\tdata-wp-style--right=\"state.imageButtonRight\"\n\t\t\tdata-wp-style--top=\"state.imageButtonTop\"\n\t\t>\n\t\t\t<svg xmlns=\"http:\/\/www.w3.org\/2000\/svg\" width=\"12\" height=\"12\" fill=\"none\" viewBox=\"0 0 12 12\">\n\t\t\t\t<path fill=\"#fff\" d=\"M2 0a2 2 0 0 0-2 2v2h1.5V2a.5.5 0 0 1 .5-.5h2V0H2Zm2 10.5H2a.5.5 0 0 1-.5-.5V8H0v2a2 2 0 0 0 2 2h2v-1.5ZM8 12v-1.5h2a.5.5 0 0 0 .5-.5V8H12v2a2 2 0 0 1-2 2H8Zm2-12a2 2 0 0 1 2 2v2h-1.5V2a.5.5 0 0 0-.5-.5H8V0h2Z\" \/>\n\t\t\t<\/svg>\n\t\t<\/button><figcaption class=\"wp-element-caption\">T\u00e9l\u00e9charger en PDF les conseils de Lili pour  une utilisation au coll\u00e8ge (\u00e0 la fin de cet article)<\/figcaption><\/figure>\n<\/div><\/blockquote>\n\n\n\n<h3 class=\"wp-block-heading\">L\u2019\u00e9ducation culturelle au CDI<\/h3>\n\n\n\n<p><strong>Le professeur documentaliste<\/strong> contribue \u00e0 l\u2019\u00e9ducation culturelle, sociale et citoyenne des \u00e9l\u00e8ves. Il peut trouver chez Lili des ressources pour l\u2019accompagner, notamment avec les activit\u00e9s Je grandis et les supports p\u00e9dagogiques associ\u00e9s qui permettent de d\u00e9velopper l\u2019esprit critique&nbsp;<\/p>\n\n\n\n<h3 class=\"wp-block-heading\">L\u2019expression orale en fran\u00e7ais<\/h3>\n\n\n\n<p><strong>Le professeur de fran\u00e7ais<\/strong> peut utiliser Lili pour accompagner les \u00e9l\u00e8ves dans le d\u00e9veloppement des comp\u00e9tences d\u2019expression orale. \u00c0 travers les activit\u00e9s d\u2019arts et d\u2019improvisation d\u2019une part, et les comp\u00e9tences \u00e0 argumenter lors des discussions philo d\u2019autre part, il aura \u00e0 sa disposition plus de 100 ateliers ludiques et innovants.&nbsp;<\/p>\n\n\n\n<h3 class=\"wp-block-heading\">La vie de classe<\/h3>\n\n\n\n<p><strong>Le professeur principal<\/strong> est souvent \u00e0 la recherche de ressources pertinentes pour favoriser la coop\u00e9ration et le dialogue lors des heures de vie de classe. Pour accompagner ses \u00e9l\u00e8ves tout au long de l\u2019ann\u00e9e dans le d\u00e9veloppement de leurs comp\u00e9tences psychosociales (connaissance de soi, exprimer ses \u00e9motions, gestion du stress\u2026), il peut se saisir de Lili et choisir les activit\u00e9s <em>Je me pose<\/em> en fonction de ses objectifs.<\/p>\n\n\n\n<h3 class=\"wp-block-heading\">L\u2019enseignement moral et civique&nbsp;<\/h3>\n\n\n\n<p><strong>Le professeur d\u2019histoire-g\u00e9ographie et EMC<\/strong> trouvera chez Lili des outils pour dynamiser ses s\u00e9ances <em>Respecter autrui<\/em>, <em>Acqu\u00e9rir et partager les valeurs de la R\u00e9publique<\/em> et <em>Construire une culture civique.<\/em> En effet, les podcasts <em>Je grandis<\/em> proposent des situations concr\u00e8tes proches du quotidien des \u00e9l\u00e8ves, favorisent les \u00e9changes d\u2019arguments et sugg\u00e8rent une formalisation sous forme de trace \u00e9crite.<\/p>\n\n\n\n<h3 class=\"wp-block-heading\">Le dispositif devoirs faits<\/h3>\n\n\n\n<p><strong>Le<\/strong> <strong>professeur en charge du dispositif <a href=\"https:\/\/www.education.gouv.fr\/devoirs-faits-un-temps-d-etude-accompagnee-pour-realiser-les-devoirs-7337\" target=\"_blank\" rel=\"noreferrer noopener\">Devoirs faits<\/a><\/strong> est soucieux de proposer un accompagnement dans la gestion des apprentissages. Gr\u00e2ce au programme <em>Je me pose<\/em> de Lili, il les initie \u00e0 la respiration, aux auto-massages ou toutes autres pratiques s\u00e9curisantes leur permettant, ensuite, de s&rsquo;engager dans les devoirs avec plus de concentration et de motivation.<\/p>\n\n\n\n<h2 class=\"wp-block-heading\" id=\"Lili\">Programme cycle 3 : l&rsquo;essentiel des ressources Lili<\/h2>\n\n\n\n<div class=\"wp-block-columns is-layout-flex wp-container-core-columns-is-layout-9d6595d7 wp-block-columns-is-layout-flex\">\n<div class=\"wp-block-column is-layout-flow wp-block-column-is-layout-flow\" style=\"flex-basis:50%\">\n<div class=\"wp-block-columns is-layout-flex wp-container-core-columns-is-layout-9d6595d7 wp-block-columns-is-layout-flex\">\n<div class=\"wp-block-column is-vertically-aligned-center is-layout-flow wp-block-column-is-layout-flow\" style=\"flex-basis:100%\">\n<figure class=\"wp-block-image size-full\"><img decoding=\"async\" src=\"https:\/\/www.lili.cool\/wp-content\/uploads\/Programme-cycle-3_les-ateliers-1.png\" alt=\"\" class=\"wp-image-1888\"\/><figcaption class=\"wp-element-caption\">Programme cycle 3 et les ateliers Lili<\/figcaption><\/figure>\n<\/div>\n<\/div>\n<\/div>\n\n\n\n<div class=\"wp-block-column is-layout-flow wp-block-column-is-layout-flow\" style=\"flex-basis:50%\">\n<p><\/p>\n\n\n\n<p><\/p>\n\n\n\n<p><\/p>\n\n\n\n<blockquote class=\"wp-block-quote is-layout-flow wp-block-quote-is-layout-flow\">\n<p><em><a href=\"https:\/\/www.lili.cool\/fr\/temps-calme-pourquoi-quand-comment-organiser-classe\" target=\"_blank\" rel=\"noreferrer noopener\">Je me pose<\/a><\/em>, les propositions de temps calmes pour aider les enfants \u00e0 g\u00e9rer leurs \u00e9motions et leur stress.<\/p>\n<\/blockquote>\n\n\n\n<blockquote class=\"wp-block-quote is-layout-flow wp-block-quote-is-layout-flow\">\n<p><em><a href=\"https:\/\/www.lili.cool\/fr\/gagner-aisance-oral-ecole-je-mexprime\/\" target=\"_blank\" rel=\"noreferrer noopener\">Je m&rsquo;exprime<\/a><\/em>, les activit\u00e9s d&rsquo;art et d&rsquo;improvisation pour pr\u00e9parer les \u00e9l\u00e8ves \u00e0 s&rsquo;exprimer en public.<\/p>\n<\/blockquote>\n\n\n\n<blockquote class=\"wp-block-quote is-layout-flow wp-block-quote-is-layout-flow\">\n<p><em><a href=\"https:\/\/www.lili.cool\/fr\/philosophie_pour_enfants\" target=\"_blank\" rel=\"noreferrer noopener\">Je grandis<\/a><\/em>, les ateliers de philosophie pour enfants qui aident \u00e0 penser, \u00e0 se poser des questions, \u00e0 \u00e9couter les autres et \u00e0 argumenter.<\/p>\n<\/blockquote>\n<\/div>\n<\/div>\n\n\n\n<p>En r\u00e9sum\u00e9, Lili se positionne comme un assistant p\u00e9dagogique pour les enseignants du cycle 3. En int\u00e9grant de mani\u00e8re coh\u00e9rente les comp\u00e9tences psychosociales dans votre emploi du temps, vous mettez en \u0153uvre le programme de cycle 3 tout en veillant au bien-\u00eatre de vos \u00e9l\u00e8ves.<\/p>\n\n\n\n<p><em>Note : Les ressources mentionn\u00e9es dans cet article sont disponibles sur <a href=\"https:\/\/www.lili.cool\/fr\/\" target=\"_blank\" rel=\"noreferrer noopener\">Lili.cool<\/a>.<\/em><\/p>\n","protected":false},"excerpt":{"rendered":"<p>Vous souhaitez d\u00e9velopper les comp\u00e9tences psychosociales de vos \u00e9l\u00e8ves au cycle 3 ? Cet article vous offre un aper\u00e7u d\u00e9taill\u00e9 des multiples usages.<\/p>\n","protected":false},"author":5,"featured_media":2235,"comment_status":"closed","ping_status":"closed","sticky":false,"template":"","format":"standard","meta":{"inline_featured_image":false,"footnotes":""},"categories":[10,13],"tags":[53,21,51,52,56,41,90],"class_list":["post-2177","post","type-post","status-publish","format-standard","has-post-thumbnail","hentry","category-competences-psychosociales","category-pedagogie","tag-college","tag-cps-3","tag-cycle3","tag-cycle4","tag-professeurdesecoles","tag-programmescolaire","tag-scccc"],"acf":[],"yoast_head":"<!-- This site is optimized with the Yoast SEO plugin v27.5 - https:\/\/yoast.com\/product\/yoast-seo-wordpress\/ -->\n<title>Programme Cycle 3 : D\u00e9couvrez les Ressources Lili<\/title>\n<meta name=\"description\" content=\"Le programme du cycle 3 couvre les classes de CM1, CM2 et 6e. Lili propose des ressources adapt\u00e9es et innovantes pour accompagner vos \u00e9l\u00e8ves.\" \/>\n<meta name=\"robots\" content=\"index, follow, max-snippet:-1, max-image-preview:large, max-video-preview:-1\" \/>\n<link rel=\"canonical\" href=\"https:\/\/www.lili.cool\/fr\/programme_cycle_3\/\" \/>\n<meta property=\"og:locale\" content=\"fr_FR\" \/>\n<meta property=\"og:type\" content=\"article\" \/>\n<meta property=\"og:title\" content=\"Programme Cycle 3 : D\u00e9couvrez les Ressources Lili\" \/>\n<meta property=\"og:description\" content=\"Le programme du cycle 3 couvre les classes de CM1, CM2 et 6e. Lili propose des ressources adapt\u00e9es et innovantes pour accompagner vos \u00e9l\u00e8ves.\" \/>\n<meta property=\"og:url\" content=\"https:\/\/www.lili.cool\/fr\/programme_cycle_3\/\" \/>\n<meta property=\"og:site_name\" content=\"LILI, l&#039;appli audio et la formation pour faire grandir la confiance des 3-15 ans \u00e0 l&#039;\u00e9cole, en p\u00e9riscolaire et \u00e0 la maison\" \/>\n<meta property=\"article:publisher\" content=\"https:\/\/www.facebook.com\/lilicoolapp\/\" \/>\n<meta property=\"article:published_time\" content=\"2023-12-13T10:31:40+00:00\" \/>\n<meta property=\"article:modified_time\" content=\"2023-12-22T12:55:40+00:00\" \/>\n<meta property=\"og:image\" content=\"https:\/\/www.lili.cool\/wp-content\/uploads\/lili-blog-programme_cycle3.jpg\" \/>\n\t<meta property=\"og:image:width\" content=\"736\" \/>\n\t<meta property=\"og:image:height\" content=\"500\" \/>\n\t<meta property=\"og:image:type\" content=\"image\/jpeg\" \/>\n<meta name=\"author\" content=\"Emilie\" \/>\n<meta name=\"twitter:card\" content=\"summary_large_image\" \/>\n<meta name=\"twitter:label1\" content=\"\u00c9crit par\" \/>\n\t<meta name=\"twitter:data1\" content=\"Emilie\" \/>\n\t<meta name=\"twitter:label2\" content=\"Dur\u00e9e de lecture estim\u00e9e\" \/>\n\t<meta name=\"twitter:data2\" content=\"5 minutes\" \/>\n<script type=\"application\/ld+json\" class=\"yoast-schema-graph\">{\"@context\":\"https:\\\/\\\/schema.org\",\"@graph\":[{\"@type\":[\"Article\",\"BlogPosting\"],\"@id\":\"https:\\\/\\\/www.lili.cool\\\/fr\\\/programme_cycle_3\\\/#article\",\"isPartOf\":{\"@id\":\"https:\\\/\\\/www.lili.cool\\\/fr\\\/programme_cycle_3\\\/\"},\"author\":{\"name\":\"Emilie\",\"@id\":\"https:\\\/\\\/www.lili.cool\\\/fr\\\/#\\\/schema\\\/person\\\/24aa712f28c853f3df1f93b460b931ea\"},\"headline\":\"Programme Cycle 3 : D\u00e9couvrez les Ressources Lili\",\"datePublished\":\"2023-12-13T10:31:40+00:00\",\"dateModified\":\"2023-12-22T12:55:40+00:00\",\"mainEntityOfPage\":{\"@id\":\"https:\\\/\\\/www.lili.cool\\\/fr\\\/programme_cycle_3\\\/\"},\"wordCount\":1048,\"publisher\":{\"@id\":\"https:\\\/\\\/www.lili.cool\\\/fr\\\/#organization\"},\"image\":{\"@id\":\"https:\\\/\\\/www.lili.cool\\\/fr\\\/programme_cycle_3\\\/#primaryimage\"},\"thumbnailUrl\":\"https:\\\/\\\/www.lili.cool\\\/wp-content\\\/uploads\\\/lili-blog-programme_cycle3.jpg\",\"keywords\":[\"#college\",\"#CPS\",\"#cycle3\",\"#cycle4\",\"#professeurdesecoles\",\"#programmescolaire\",\"#SCCCC\"],\"articleSection\":[\"Comp\u00e9tences psychosociales\",\"P\u00e9dagogie\"],\"inLanguage\":\"fr-FR\"},{\"@type\":\"WebPage\",\"@id\":\"https:\\\/\\\/www.lili.cool\\\/fr\\\/programme_cycle_3\\\/\",\"url\":\"https:\\\/\\\/www.lili.cool\\\/fr\\\/programme_cycle_3\\\/\",\"name\":\"Programme Cycle 3 : D\u00e9couvrez les Ressources Lili\",\"isPartOf\":{\"@id\":\"https:\\\/\\\/www.lili.cool\\\/fr\\\/#website\"},\"primaryImageOfPage\":{\"@id\":\"https:\\\/\\\/www.lili.cool\\\/fr\\\/programme_cycle_3\\\/#primaryimage\"},\"image\":{\"@id\":\"https:\\\/\\\/www.lili.cool\\\/fr\\\/programme_cycle_3\\\/#primaryimage\"},\"thumbnailUrl\":\"https:\\\/\\\/www.lili.cool\\\/wp-content\\\/uploads\\\/lili-blog-programme_cycle3.jpg\",\"datePublished\":\"2023-12-13T10:31:40+00:00\",\"dateModified\":\"2023-12-22T12:55:40+00:00\",\"description\":\"Le programme du cycle 3 couvre les classes de CM1, CM2 et 6e. Lili propose des ressources adapt\u00e9es et innovantes pour accompagner vos \u00e9l\u00e8ves.\",\"breadcrumb\":{\"@id\":\"https:\\\/\\\/www.lili.cool\\\/fr\\\/programme_cycle_3\\\/#breadcrumb\"},\"inLanguage\":\"fr-FR\",\"potentialAction\":[{\"@type\":\"ReadAction\",\"target\":[\"https:\\\/\\\/www.lili.cool\\\/fr\\\/programme_cycle_3\\\/\"]}]},{\"@type\":\"ImageObject\",\"inLanguage\":\"fr-FR\",\"@id\":\"https:\\\/\\\/www.lili.cool\\\/fr\\\/programme_cycle_3\\\/#primaryimage\",\"url\":\"https:\\\/\\\/www.lili.cool\\\/wp-content\\\/uploads\\\/lili-blog-programme_cycle3.jpg\",\"contentUrl\":\"https:\\\/\\\/www.lili.cool\\\/wp-content\\\/uploads\\\/lili-blog-programme_cycle3.jpg\",\"width\":736,\"height\":500},{\"@type\":\"BreadcrumbList\",\"@id\":\"https:\\\/\\\/www.lili.cool\\\/fr\\\/programme_cycle_3\\\/#breadcrumb\",\"itemListElement\":[{\"@type\":\"ListItem\",\"position\":1,\"name\":\"Accueil\",\"item\":\"https:\\\/\\\/www.lili.cool\\\/fr\\\/\"},{\"@type\":\"ListItem\",\"position\":2,\"name\":\"P\u00e9dagogie\",\"item\":\"https:\\\/\\\/www.lili.cool\\\/fr\\\/sujets\\\/pedagogie\\\/\"},{\"@type\":\"ListItem\",\"position\":3,\"name\":\"Programme Cycle 3 : D\u00e9couvrez les Ressources Lili\"}]},{\"@type\":\"WebSite\",\"@id\":\"https:\\\/\\\/www.lili.cool\\\/fr\\\/#website\",\"url\":\"https:\\\/\\\/www.lili.cool\\\/fr\\\/\",\"name\":\"LILI, l&#039;appli audio et la formation pour faire grandir la confiance des 3-15 ans \u00e0 l&#039;\u00e9cole, en p\u00e9riscolaire et \u00e0 la maison\",\"description\":\"Faire grandir la confiance et le vivre-ensemble\",\"publisher\":{\"@id\":\"https:\\\/\\\/www.lili.cool\\\/fr\\\/#organization\"},\"potentialAction\":[{\"@type\":\"SearchAction\",\"target\":{\"@type\":\"EntryPoint\",\"urlTemplate\":\"https:\\\/\\\/www.lili.cool\\\/fr\\\/?s={search_term_string}\"},\"query-input\":{\"@type\":\"PropertyValueSpecification\",\"valueRequired\":true,\"valueName\":\"search_term_string\"}}],\"inLanguage\":\"fr-FR\"},{\"@type\":\"Organization\",\"@id\":\"https:\\\/\\\/www.lili.cool\\\/fr\\\/#organization\",\"name\":\"LILI SAS\",\"url\":\"https:\\\/\\\/www.lili.cool\\\/fr\\\/\",\"logo\":{\"@type\":\"ImageObject\",\"inLanguage\":\"fr-FR\",\"@id\":\"https:\\\/\\\/www.lili.cool\\\/fr\\\/#\\\/schema\\\/logo\\\/image\\\/\",\"url\":\"https:\\\/\\\/www.lili.cool\\\/wp-content\\\/uploads\\\/logo-lili-cool.png\",\"contentUrl\":\"https:\\\/\\\/www.lili.cool\\\/wp-content\\\/uploads\\\/logo-lili-cool.png\",\"width\":320,\"height\":372,\"caption\":\"LILI SAS\"},\"image\":{\"@id\":\"https:\\\/\\\/www.lili.cool\\\/fr\\\/#\\\/schema\\\/logo\\\/image\\\/\"},\"sameAs\":[\"https:\\\/\\\/www.facebook.com\\\/lilicoolapp\\\/\",\"https:\\\/\\\/www.linkedin.com\\\/company\\\/lili-cool-app\\\/\",\"https:\\\/\\\/www.instagram.com\\\/lili.cool.app\\\/\"]},{\"@type\":\"Person\",\"@id\":\"https:\\\/\\\/www.lili.cool\\\/fr\\\/#\\\/schema\\\/person\\\/24aa712f28c853f3df1f93b460b931ea\",\"name\":\"Emilie\",\"image\":{\"@type\":\"ImageObject\",\"inLanguage\":\"fr-FR\",\"@id\":\"https:\\\/\\\/secure.gravatar.com\\\/avatar\\\/cc6c2c58103af58b5baa8040897e559f990b86aeaf51f5aa17a91b699da77d74?s=96&d=mm&r=g\",\"url\":\"https:\\\/\\\/secure.gravatar.com\\\/avatar\\\/cc6c2c58103af58b5baa8040897e559f990b86aeaf51f5aa17a91b699da77d74?s=96&d=mm&r=g\",\"contentUrl\":\"https:\\\/\\\/secure.gravatar.com\\\/avatar\\\/cc6c2c58103af58b5baa8040897e559f990b86aeaf51f5aa17a91b699da77d74?s=96&d=mm&r=g\",\"caption\":\"Emilie\"},\"url\":\"https:\\\/\\\/www.lili.cool\\\/fr\\\/author\\\/emilie_lili\\\/\"}]}<\/script>\n<!-- \/ Yoast SEO plugin. -->","yoast_head_json":{"title":"Programme Cycle 3 : D\u00e9couvrez les Ressources Lili","description":"Le programme du cycle 3 couvre les classes de CM1, CM2 et 6e. Lili propose des ressources adapt\u00e9es et innovantes pour accompagner vos \u00e9l\u00e8ves.","robots":{"index":"index","follow":"follow","max-snippet":"max-snippet:-1","max-image-preview":"max-image-preview:large","max-video-preview":"max-video-preview:-1"},"canonical":"https:\/\/www.lili.cool\/fr\/programme_cycle_3\/","og_locale":"fr_FR","og_type":"article","og_title":"Programme Cycle 3 : D\u00e9couvrez les Ressources Lili","og_description":"Le programme du cycle 3 couvre les classes de CM1, CM2 et 6e. Lili propose des ressources adapt\u00e9es et innovantes pour accompagner vos \u00e9l\u00e8ves.","og_url":"https:\/\/www.lili.cool\/fr\/programme_cycle_3\/","og_site_name":"LILI, l&#039;appli audio et la formation pour faire grandir la confiance des 3-15 ans \u00e0 l&#039;\u00e9cole, en p\u00e9riscolaire et \u00e0 la maison","article_publisher":"https:\/\/www.facebook.com\/lilicoolapp\/","article_published_time":"2023-12-13T10:31:40+00:00","article_modified_time":"2023-12-22T12:55:40+00:00","og_image":[{"width":736,"height":500,"url":"https:\/\/www.lili.cool\/wp-content\/uploads\/lili-blog-programme_cycle3.jpg","type":"image\/jpeg"}],"author":"Emilie","twitter_card":"summary_large_image","twitter_misc":{"\u00c9crit par":"Emilie","Dur\u00e9e de lecture estim\u00e9e":"5 minutes"},"schema":{"@context":"https:\/\/schema.org","@graph":[{"@type":["Article","BlogPosting"],"@id":"https:\/\/www.lili.cool\/fr\/programme_cycle_3\/#article","isPartOf":{"@id":"https:\/\/www.lili.cool\/fr\/programme_cycle_3\/"},"author":{"name":"Emilie","@id":"https:\/\/www.lili.cool\/fr\/#\/schema\/person\/24aa712f28c853f3df1f93b460b931ea"},"headline":"Programme Cycle 3 : D\u00e9couvrez les Ressources Lili","datePublished":"2023-12-13T10:31:40+00:00","dateModified":"2023-12-22T12:55:40+00:00","mainEntityOfPage":{"@id":"https:\/\/www.lili.cool\/fr\/programme_cycle_3\/"},"wordCount":1048,"publisher":{"@id":"https:\/\/www.lili.cool\/fr\/#organization"},"image":{"@id":"https:\/\/www.lili.cool\/fr\/programme_cycle_3\/#primaryimage"},"thumbnailUrl":"https:\/\/www.lili.cool\/wp-content\/uploads\/lili-blog-programme_cycle3.jpg","keywords":["#college","#CPS","#cycle3","#cycle4","#professeurdesecoles","#programmescolaire","#SCCCC"],"articleSection":["Comp\u00e9tences psychosociales","P\u00e9dagogie"],"inLanguage":"fr-FR"},{"@type":"WebPage","@id":"https:\/\/www.lili.cool\/fr\/programme_cycle_3\/","url":"https:\/\/www.lili.cool\/fr\/programme_cycle_3\/","name":"Programme Cycle 3 : D\u00e9couvrez les Ressources Lili","isPartOf":{"@id":"https:\/\/www.lili.cool\/fr\/#website"},"primaryImageOfPage":{"@id":"https:\/\/www.lili.cool\/fr\/programme_cycle_3\/#primaryimage"},"image":{"@id":"https:\/\/www.lili.cool\/fr\/programme_cycle_3\/#primaryimage"},"thumbnailUrl":"https:\/\/www.lili.cool\/wp-content\/uploads\/lili-blog-programme_cycle3.jpg","datePublished":"2023-12-13T10:31:40+00:00","dateModified":"2023-12-22T12:55:40+00:00","description":"Le programme du cycle 3 couvre les classes de CM1, CM2 et 6e. Lili propose des ressources adapt\u00e9es et innovantes pour accompagner vos \u00e9l\u00e8ves.","breadcrumb":{"@id":"https:\/\/www.lili.cool\/fr\/programme_cycle_3\/#breadcrumb"},"inLanguage":"fr-FR","potentialAction":[{"@type":"ReadAction","target":["https:\/\/www.lili.cool\/fr\/programme_cycle_3\/"]}]},{"@type":"ImageObject","inLanguage":"fr-FR","@id":"https:\/\/www.lili.cool\/fr\/programme_cycle_3\/#primaryimage","url":"https:\/\/www.lili.cool\/wp-content\/uploads\/lili-blog-programme_cycle3.jpg","contentUrl":"https:\/\/www.lili.cool\/wp-content\/uploads\/lili-blog-programme_cycle3.jpg","width":736,"height":500},{"@type":"BreadcrumbList","@id":"https:\/\/www.lili.cool\/fr\/programme_cycle_3\/#breadcrumb","itemListElement":[{"@type":"ListItem","position":1,"name":"Accueil","item":"https:\/\/www.lili.cool\/fr\/"},{"@type":"ListItem","position":2,"name":"P\u00e9dagogie","item":"https:\/\/www.lili.cool\/fr\/sujets\/pedagogie\/"},{"@type":"ListItem","position":3,"name":"Programme Cycle 3 : D\u00e9couvrez les Ressources Lili"}]},{"@type":"WebSite","@id":"https:\/\/www.lili.cool\/fr\/#website","url":"https:\/\/www.lili.cool\/fr\/","name":"LILI, l&#039;appli audio et la formation pour faire grandir la confiance des 3-15 ans \u00e0 l&#039;\u00e9cole, en p\u00e9riscolaire et \u00e0 la maison","description":"Faire grandir la confiance et le vivre-ensemble","publisher":{"@id":"https:\/\/www.lili.cool\/fr\/#organization"},"potentialAction":[{"@type":"SearchAction","target":{"@type":"EntryPoint","urlTemplate":"https:\/\/www.lili.cool\/fr\/?s={search_term_string}"},"query-input":{"@type":"PropertyValueSpecification","valueRequired":true,"valueName":"search_term_string"}}],"inLanguage":"fr-FR"},{"@type":"Organization","@id":"https:\/\/www.lili.cool\/fr\/#organization","name":"LILI SAS","url":"https:\/\/www.lili.cool\/fr\/","logo":{"@type":"ImageObject","inLanguage":"fr-FR","@id":"https:\/\/www.lili.cool\/fr\/#\/schema\/logo\/image\/","url":"https:\/\/www.lili.cool\/wp-content\/uploads\/logo-lili-cool.png","contentUrl":"https:\/\/www.lili.cool\/wp-content\/uploads\/logo-lili-cool.png","width":320,"height":372,"caption":"LILI SAS"},"image":{"@id":"https:\/\/www.lili.cool\/fr\/#\/schema\/logo\/image\/"},"sameAs":["https:\/\/www.facebook.com\/lilicoolapp\/","https:\/\/www.linkedin.com\/company\/lili-cool-app\/","https:\/\/www.instagram.com\/lili.cool.app\/"]},{"@type":"Person","@id":"https:\/\/www.lili.cool\/fr\/#\/schema\/person\/24aa712f28c853f3df1f93b460b931ea","name":"Emilie","image":{"@type":"ImageObject","inLanguage":"fr-FR","@id":"https:\/\/secure.gravatar.com\/avatar\/cc6c2c58103af58b5baa8040897e559f990b86aeaf51f5aa17a91b699da77d74?s=96&d=mm&r=g","url":"https:\/\/secure.gravatar.com\/avatar\/cc6c2c58103af58b5baa8040897e559f990b86aeaf51f5aa17a91b699da77d74?s=96&d=mm&r=g","contentUrl":"https:\/\/secure.gravatar.com\/avatar\/cc6c2c58103af58b5baa8040897e559f990b86aeaf51f5aa17a91b699da77d74?s=96&d=mm&r=g","caption":"Emilie"},"url":"https:\/\/www.lili.cool\/fr\/author\/emilie_lili\/"}]}},"_links":{"self":[{"href":"https:\/\/www.lili.cool\/fr\/wp-json\/wp\/v2\/posts\/2177","targetHints":{"allow":["GET"]}}],"collection":[{"href":"https:\/\/www.lili.cool\/fr\/wp-json\/wp\/v2\/posts"}],"about":[{"href":"https:\/\/www.lili.cool\/fr\/wp-json\/wp\/v2\/types\/post"}],"author":[{"embeddable":true,"href":"https:\/\/www.lili.cool\/fr\/wp-json\/wp\/v2\/users\/5"}],"replies":[{"embeddable":true,"href":"https:\/\/www.lili.cool\/fr\/wp-json\/wp\/v2\/comments?post=2177"}],"version-history":[{"count":2,"href":"https:\/\/www.lili.cool\/fr\/wp-json\/wp\/v2\/posts\/2177\/revisions"}],"predecessor-version":[{"id":2243,"href":"https:\/\/www.lili.cool\/fr\/wp-json\/wp\/v2\/posts\/2177\/revisions\/2243"}],"wp:featuredmedia":[{"embeddable":true,"href":"https:\/\/www.lili.cool\/fr\/wp-json\/wp\/v2\/media\/2235"}],"wp:attachment":[{"href":"https:\/\/www.lili.cool\/fr\/wp-json\/wp\/v2\/media?parent=2177"}],"wp:term":[{"taxonomy":"category","embeddable":true,"href":"https:\/\/www.lili.cool\/fr\/wp-json\/wp\/v2\/categories?post=2177"},{"taxonomy":"post_tag","embeddable":true,"href":"https:\/\/www.lili.cool\/fr\/wp-json\/wp\/v2\/tags?post=2177"}],"curies":[{"name":"wp","href":"https:\/\/api.w.org\/{rel}","templated":true}]}}